{"id":29687,"date":"2019-04-23T15:18:40","date_gmt":"2019-04-23T19:18:40","guid":{"rendered":"https:\/\/linitiative.ca\/International\/tunisie-video-aucune-baisse-des-prix-a-la-consommation-constatee-par-le-consommateur\/"},"modified":"2019-04-23T15:18:40","modified_gmt":"2019-04-23T19:18:40","slug":"tunisie-video-aucune-baisse-des-prix-a-la-consommation-constatee-par-le-consommateur","status":"publish","type":"post","link":"https:\/\/linitiative.ca\/International\/tunisie-video-aucune-baisse-des-prix-a-la-consommation-constatee-par-le-consommateur\/","title":{"rendered":"Tunisie \u2013 VIDEO\u00a0: Aucune baisse des prix \u00e0 la consommation\u00a0constat\u00e9e par le consommateur"},"content":{"rendered":"<div class=\"post-cont-in left relative\">\n<div class=\"nc_socialPanel swp_flatFresh swp_d_fullColor swp_i_fullColor swp_o_fullColor scale-100 scale-fullWidth\" data-position=\"none\" data-float=\"floatNone\" data-count=\"5\" data-floatcolor=\"#ffffff\" data-emphasize=\"0\">\n<div class=\"nc_tweetContainer totes totesalt\" data-id=\"6\"><span class=\"swp_count\"><span class=\"swp_label\">Partages<\/span> 0<\/span><\/div>\n<\/div>\n<p>Les baisses drastiques des prix annonc\u00e9es par les membres du gouvernement concernant les produits de consommation n\u2019ont aucunement \u00e9t\u00e9 ressenties par le consommateur. Ce qui s\u2019explique par l\u2019une ou l\u2019autre de ces causes:<\/p>\n<p>Soit que cette baisse n\u2019existe pas et que le gouvernement est en train d\u2019essayer de gagner du temps et d\u2019apaiser la tension qui monte en fl\u00e8che par un effet d\u2019annonce, sans aucune r\u00e9percussion sur le terrain. Ce qui demeure tr\u00e8s peu probable.<\/p>\n<div class=\"code-block code-block-1 c3\"><ins class=\"adsbygoogle c2\" data-ad-layout=\"in-article\" data-ad-format=\"fluid\" data-ad-client=\"ca-pub-2102118777505746\" data-ad-slot=\"7301775417\"\/> <\/div>\n<p>Soit alors que cette baisse annonc\u00e9e est r\u00e9elle, au niveau des prix au gros, gr\u00e2ce, notamment, aux op\u00e9rations coup de poing effectu\u00e9es par le gouvernement sur les d\u00e9p\u00f4ts des sp\u00e9culateurs. Mais qu\u2019elle a \u00e9t\u00e9 grignot\u00e9e par les revendeurs au d\u00e9tail qui ont empoch\u00e9\u00a0la diff\u00e9rence de prix, en majorant leurs marges\u00a0tout en continuant \u00e0 afficher les m\u00eames montants.<\/p>\n<p>C\u2019est ce qui ressort d\u2019un reportage effectu\u00e9 par la r\u00e9daction de Tunisienumerique dans les march\u00e9s des quatre coins du pays. Les consommateurs assurant qu\u2019il n\u2019y a eu aucune baisse des tarifs et faisant part de leurs appr\u00e9hensions concernant le mois de Ramadan qui arrive\u00a0face \u00e0 un pouvoir d\u2019achat r\u00e9duit \u00e0 n\u00e9ant.<br \/><iframe loading=\"lazy\" class=\"c4\" src=\"https:\/\/www.facebook.com\/plugins\/video.php?href=https%3A%2F%2Fwww.facebook.com%2FTunisie.Numerique%2Fvideos%2F393425758160168%2F&#038;show_text=0&#038;width=560\" width=\"560\" height=\"315\" frameborder=\"0\" scrolling=\"no\" allowfullscreen=\"allowfullscreen\">[embedded content]<\/iframe><\/p>\n<div class=\"mvp-org-wrap mvp-org-logo\" itemprop=\"publisher\" itemscope=\"\" itemtype=\"https:\/\/schema.org\/Organization\"><img decoding=\"async\" src=\"https:\/\/www.tunisienumerique.com\/wp-content\/uploads\/2017\/02\/logo_tunisie_numerique.png\"\/><\/div>\n<div class=\"nc_socialPanel swp_flatFresh swp_d_fullColor swp_i_fullColor swp_o_fullColor scale-100 scale-fullWidth\" data-position=\"none\" data-float=\"floatNone\" data-count=\"5\" data-floatcolor=\"#ffffff\" data-emphasize=\"0\">\n<div class=\"nc_tweetContainer totes totesalt\" data-id=\"6\"><span class=\"swp_count\"><span class=\"swp_label\">Partages<\/span> 0<\/span><\/div>\n<\/div>\n<div class=\"mvp-related-posts left relative\">\n<h4 class=\"post-header\"><span class=\"post-header\">Lire aussi<\/span><\/h4>\n<\/div>\n<\/div>\n<p>Auteur: LM<br \/>\n<a href=\"https:\/\/www.tunisienumerique.com\/tunisie-video-aucune-baisse-des-prix-a-la-consommation-constatee-par-le-consommateur\/\">Cliquez ici pour lire l&rsquo;article depuis sa source.<\/a><\/p>\n","protected":false},"excerpt":{"rendered":"<p>Partages 0 Les baisses drastiques des prix annonc\u00e9es par les membres du gouvernement concernant les produits de consommation n\u2019ont aucunement \u00e9t\u00e9 ressenties par le consommateur. Ce qui s\u2019explique par l\u2019une ou l\u2019autre de ces causes: Soit que cette baisse n\u2019existe pas et que le gouvernement est en train d\u2019essayer de gagner du temps et d\u2019apaiser [&hellip;]<\/p>\n","protected":false},"author":1789,"featured_media":29688,"comment_status":"closed","ping_status":"closed","sticky":false,"template":"","format":"standard","meta":{"fifu_image_url":"","fifu_image_alt":"","footnotes":""},"categories":[73,55],"tags":[],"class_list":["post-29687","post","type-post","status-publish","format-standard","has-post-thumbnail","hentry","category-actualite","category-tunisie"],"_links":{"self":[{"href":"https:\/\/linitiative.ca\/International\/wp-json\/wp\/v2\/posts\/29687","targetHints":{"allow":["GET"]}}],"collection":[{"href":"https:\/\/linitiative.ca\/International\/wp-json\/wp\/v2\/posts"}],"about":[{"href":"https:\/\/linitiative.ca\/International\/wp-json\/wp\/v2\/types\/post"}],"author":[{"embeddable":true,"href":"https:\/\/linitiative.ca\/International\/wp-json\/wp\/v2\/users\/1789"}],"replies":[{"embeddable":true,"href":"https:\/\/linitiative.ca\/International\/wp-json\/wp\/v2\/comments?post=29687"}],"version-history":[{"count":0,"href":"https:\/\/linitiative.ca\/International\/wp-json\/wp\/v2\/posts\/29687\/revisions"}],"wp:featuredmedia":[{"embeddable":true,"href":"https:\/\/linitiative.ca\/International\/wp-json\/"}],"wp:attachment":[{"href":"https:\/\/linitiative.ca\/International\/wp-json\/wp\/v2\/media?parent=29687"}],"wp:term":[{"taxonomy":"category","embeddable":true,"href":"https:\/\/linitiative.ca\/International\/wp-json\/wp\/v2\/categories?post=29687"},{"taxonomy":"post_tag","embeddable":true,"href":"https:\/\/linitiative.ca\/International\/wp-json\/wp\/v2\/tags?post=29687"}],"curies":[{"name":"wp","href":"https:\/\/api.w.org\/{rel}","templated":true}]}}