{"id":29689,"date":"2019-04-23T15:31:10","date_gmt":"2019-04-23T19:31:10","guid":{"rendered":"https:\/\/linitiative.ca\/International\/tunisie-proclamation-des-resultats-de-lenquete-concernant-la-mort-des-nouveau-nes\/"},"modified":"2019-04-23T15:31:10","modified_gmt":"2019-04-23T19:31:10","slug":"tunisie-proclamation-des-resultats-de-lenquete-concernant-la-mort-des-nouveau-nes","status":"publish","type":"post","link":"https:\/\/linitiative.ca\/International\/tunisie-proclamation-des-resultats-de-lenquete-concernant-la-mort-des-nouveau-nes\/","title":{"rendered":"Tunisie \u2013 Proclamation des r\u00e9sultats de l\u2019enqu\u00eate concernant la mort des nouveau-n\u00e9s"},"content":{"rendered":"<div class=\"post-cont-in left relative\">\n<div class=\"nc_socialPanel swp_flatFresh swp_d_fullColor swp_i_fullColor swp_o_fullColor scale-100 scale-fullWidth\" data-position=\"none\" data-float=\"floatNone\" data-count=\"5\" data-floatcolor=\"#ffffff\" data-emphasize=\"0\">\n<div class=\"nc_tweetContainer totes totesalt\" data-id=\"6\"><span class=\"swp_count\"><span class=\"swp_label\">Partages<\/span> 0<\/span><\/div>\n<\/div>\n<p>Le professeur Mohamed Douagi, pr\u00e9sident de la commission d\u2019enqu\u00eate technique, pour \u00e9lucider les circonstances et les cause du d\u00e9c\u00e8s de quinze nouveau-n\u00e9s \u00e0 la maternit\u00e9 de la Rabta a annonc\u00e9, ce mardi,\u00a0via sa page Facebook, que le comit\u00e9 rendra son rapport final \u00e0 Mme la ministre de la Sant\u00e9 par int\u00e9rim, ce jeudi \u00e0 12H00. Suite \u00e0 quoi, a-t-il ajout\u00e9, une conf\u00e9rence de presse sera organis\u00e9e \u00e0 13H00 au si\u00e8ge du minist\u00e8re pour rendre publics ces r\u00e9sultats\u00a0!<\/p>\n<p><img loading=\"lazy\" decoding=\"async\" class=\"aligncenter size-full wp-image-430207\" src=\"https:\/\/www.tunisienumerique.com\/wp-content\/uploads\/2019\/04\/Douagi-post.jpg\" alt=\"\" width=\"569\" height=\"305\"\/><\/p>\n<div class=\"code-block code-block-1 c3\"><ins class=\"adsbygoogle c2\" data-ad-layout=\"in-article\" data-ad-format=\"fluid\" data-ad-client=\"ca-pub-2102118777505746\" data-ad-slot=\"7301775417\"\/> <\/div>\n<div class=\"mvp-org-wrap mvp-org-logo\" itemprop=\"publisher\" itemscope=\"\" itemtype=\"https:\/\/schema.org\/Organization\"><img decoding=\"async\" src=\"https:\/\/www.tunisienumerique.com\/wp-content\/uploads\/2017\/02\/logo_tunisie_numerique.png\"\/><\/div>\n<div class=\"nc_socialPanel swp_flatFresh swp_d_fullColor swp_i_fullColor swp_o_fullColor scale-100 scale-fullWidth\" data-position=\"none\" data-float=\"floatNone\" data-count=\"5\" data-floatcolor=\"#ffffff\" data-emphasize=\"0\">\n<div class=\"nc_tweetContainer totes totesalt\" data-id=\"6\"><span class=\"swp_count\"><span class=\"swp_label\">Partages<\/span> 0<\/span><\/div>\n<\/div>\n<div class=\"mvp-related-posts left relative\">\n<h4 class=\"post-header\"><span class=\"post-header\">Lire aussi<\/span><\/h4>\n<\/div>\n<\/div>\n<p>Auteur: LM<br \/>\n<a href=\"https:\/\/www.tunisienumerique.com\/tunisie-proclamation-des-resultats-de-lenquete-concernant-la-mort-des-nouveau-nes\/\">Cliquez ici pour lire l&rsquo;article depuis sa source.<\/a><\/p>\n","protected":false},"excerpt":{"rendered":"<p>Partages 0 Le professeur Mohamed Douagi, pr\u00e9sident de la commission d\u2019enqu\u00eate technique, pour \u00e9lucider les circonstances et les cause du d\u00e9c\u00e8s de quinze nouveau-n\u00e9s \u00e0 la maternit\u00e9 de la Rabta a annonc\u00e9, ce mardi,\u00a0via sa page Facebook, que le comit\u00e9 rendra son rapport final \u00e0 Mme la ministre de la Sant\u00e9 par int\u00e9rim, ce jeudi [&hellip;]<\/p>\n","protected":false},"author":1789,"featured_media":29690,"comment_status":"closed","ping_status":"closed","sticky":false,"template":"","format":"standard","meta":{"fifu_image_url":"","fifu_image_alt":"","footnotes":""},"categories":[73,55],"tags":[],"class_list":["post-29689","post","type-post","status-publish","format-standard","has-post-thumbnail","hentry","category-actualite","category-tunisie"],"_links":{"self":[{"href":"https:\/\/linitiative.ca\/International\/wp-json\/wp\/v2\/posts\/29689","targetHints":{"allow":["GET"]}}],"collection":[{"href":"https:\/\/linitiative.ca\/International\/wp-json\/wp\/v2\/posts"}],"about":[{"href":"https:\/\/linitiative.ca\/International\/wp-json\/wp\/v2\/types\/post"}],"author":[{"embeddable":true,"href":"https:\/\/linitiative.ca\/International\/wp-json\/wp\/v2\/users\/1789"}],"replies":[{"embeddable":true,"href":"https:\/\/linitiative.ca\/International\/wp-json\/wp\/v2\/comments?post=29689"}],"version-history":[{"count":0,"href":"https:\/\/linitiative.ca\/International\/wp-json\/wp\/v2\/posts\/29689\/revisions"}],"wp:featuredmedia":[{"embeddable":true,"href":"https:\/\/linitiative.ca\/International\/wp-json\/"}],"wp:attachment":[{"href":"https:\/\/linitiative.ca\/International\/wp-json\/wp\/v2\/media?parent=29689"}],"wp:term":[{"taxonomy":"category","embeddable":true,"href":"https:\/\/linitiative.ca\/International\/wp-json\/wp\/v2\/categories?post=29689"},{"taxonomy":"post_tag","embeddable":true,"href":"https:\/\/linitiative.ca\/International\/wp-json\/wp\/v2\/tags?post=29689"}],"curies":[{"name":"wp","href":"https:\/\/api.w.org\/{rel}","templated":true}]}}