{"id":29691,"date":"2019-04-23T15:49:33","date_gmt":"2019-04-23T19:49:33","guid":{"rendered":"https:\/\/linitiative.ca\/International\/tunisie-urgent-un-terroriste-tue-et-dautres-encercles-dans-la-region-de-nebeur-au-kef\/"},"modified":"2019-04-23T15:49:33","modified_gmt":"2019-04-23T19:49:33","slug":"tunisie-urgent-un-terroriste-tue-et-dautres-encercles-dans-la-region-de-nebeur-au-kef","status":"publish","type":"post","link":"https:\/\/linitiative.ca\/International\/tunisie-urgent-un-terroriste-tue-et-dautres-encercles-dans-la-region-de-nebeur-au-kef\/","title":{"rendered":"Tunisie \u2013 URGENT\u00a0: Un terroriste tu\u00e9 et d\u2019autres encercl\u00e9s dans la r\u00e9gion de Nebeur au Kef"},"content":{"rendered":"<div class=\"post-cont-in left relative\">\n<div class=\"nc_socialPanel swp_flatFresh swp_d_fullColor swp_i_fullColor swp_o_fullColor scale-100 scale-fullWidth\" data-position=\"none\" data-float=\"floatNone\" data-count=\"5\" data-floatcolor=\"#ffffff\" data-emphasize=\"0\">\n<div class=\"nc_tweetContainer totes totesalt\" data-id=\"6\"><span class=\"swp_count\"><span class=\"swp_label\">Partages<\/span> 0<\/span><\/div>\n<\/div>\n<p>Le porte-parole de l\u2019arm\u00e9e nationale a confirm\u00e9 que les forces arm\u00e9es mixtes de l\u2019arm\u00e9e et de la garde nationale ont r\u00e9ussi, ce mardi soir, \u00e0 cerner des \u00e9l\u00e9ments terroristes dans la localit\u00e9 de Nebeur,\u00a0au Kef.<\/p>\n<p>L\u2019op\u00e9ration, toujours en cours, a conduit \u00e0 la neutralisation d\u2019un terroriste et \u00e0 la r\u00e9cup\u00e9ration d\u2019un fusil Kalachnikov, ainsi que des explosifs, alors que d\u2019autres \u00e9l\u00e9ments sont cern\u00e9s par les forces arm\u00e9es.<\/p>\n<div class=\"code-block code-block-1 c3\"><ins class=\"adsbygoogle c2\" data-ad-layout=\"in-article\" data-ad-format=\"fluid\" data-ad-client=\"ca-pub-2102118777505746\" data-ad-slot=\"7301775417\"\/> <\/div>\n<div class=\"mvp-org-wrap mvp-org-logo\" itemprop=\"publisher\" itemscope=\"\" itemtype=\"https:\/\/schema.org\/Organization\"><img decoding=\"async\" src=\"https:\/\/www.tunisienumerique.com\/wp-content\/uploads\/2017\/02\/logo_tunisie_numerique.png\"\/><\/div>\n<div class=\"nc_socialPanel swp_flatFresh swp_d_fullColor swp_i_fullColor swp_o_fullColor scale-100 scale-fullWidth\" data-position=\"none\" data-float=\"floatNone\" data-count=\"5\" data-floatcolor=\"#ffffff\" data-emphasize=\"0\">\n<div class=\"nc_tweetContainer totes totesalt\" data-id=\"6\"><span class=\"swp_count\"><span class=\"swp_label\">Partages<\/span> 0<\/span><\/div>\n<\/div>\n<div class=\"mvp-related-posts left relative\">\n<h4 class=\"post-header\"><span class=\"post-header\">Lire aussi<\/span><\/h4>\n<\/div>\n<\/div>\n<p>Auteur: LM<br \/>\n<a href=\"https:\/\/www.tunisienumerique.com\/tunisie-urgent-un-terroriste-tue-et-dautres-encercles-dans-la-region-de-nebeur-au-kef\/\">Cliquez ici pour lire l&rsquo;article depuis sa source.<\/a><\/p>\n","protected":false},"excerpt":{"rendered":"<p>Partages 0 Le porte-parole de l\u2019arm\u00e9e nationale a confirm\u00e9 que les forces arm\u00e9es mixtes de l\u2019arm\u00e9e et de la garde nationale ont r\u00e9ussi, ce mardi soir, \u00e0 cerner des \u00e9l\u00e9ments terroristes dans la localit\u00e9 de Nebeur,\u00a0au Kef. L\u2019op\u00e9ration, toujours en cours, a conduit \u00e0 la neutralisation d\u2019un terroriste et \u00e0 la r\u00e9cup\u00e9ration d\u2019un fusil Kalachnikov, [&hellip;]<\/p>\n","protected":false},"author":1789,"featured_media":29692,"comment_status":"closed","ping_status":"closed","sticky":false,"template":"","format":"standard","meta":{"fifu_image_url":"","fifu_image_alt":"","footnotes":""},"categories":[73,55],"tags":[],"class_list":["post-29691","post","type-post","status-publish","format-standard","has-post-thumbnail","hentry","category-actualite","category-tunisie"],"_links":{"self":[{"href":"https:\/\/linitiative.ca\/International\/wp-json\/wp\/v2\/posts\/29691","targetHints":{"allow":["GET"]}}],"collection":[{"href":"https:\/\/linitiative.ca\/International\/wp-json\/wp\/v2\/posts"}],"about":[{"href":"https:\/\/linitiative.ca\/International\/wp-json\/wp\/v2\/types\/post"}],"author":[{"embeddable":true,"href":"https:\/\/linitiative.ca\/International\/wp-json\/wp\/v2\/users\/1789"}],"replies":[{"embeddable":true,"href":"https:\/\/linitiative.ca\/International\/wp-json\/wp\/v2\/comments?post=29691"}],"version-history":[{"count":0,"href":"https:\/\/linitiative.ca\/International\/wp-json\/wp\/v2\/posts\/29691\/revisions"}],"wp:featuredmedia":[{"embeddable":true,"href":"https:\/\/linitiative.ca\/International\/wp-json\/"}],"wp:attachment":[{"href":"https:\/\/linitiative.ca\/International\/wp-json\/wp\/v2\/media?parent=29691"}],"wp:term":[{"taxonomy":"category","embeddable":true,"href":"https:\/\/linitiative.ca\/International\/wp-json\/wp\/v2\/categories?post=29691"},{"taxonomy":"post_tag","embeddable":true,"href":"https:\/\/linitiative.ca\/International\/wp-json\/wp\/v2\/tags?post=29691"}],"curies":[{"name":"wp","href":"https:\/\/api.w.org\/{rel}","templated":true}]}}