{"id":29693,"date":"2019-04-23T16:02:27","date_gmt":"2019-04-23T20:02:27","guid":{"rendered":"https:\/\/linitiative.ca\/International\/tunisie-video-mohamed-abbou-accuse-chahed-de-lavoir-mis-sous-surveillance-policiere\/"},"modified":"2019-04-23T16:02:27","modified_gmt":"2019-04-23T20:02:27","slug":"tunisie-video-mohamed-abbou-accuse-chahed-de-lavoir-mis-sous-surveillance-policiere","status":"publish","type":"post","link":"https:\/\/linitiative.ca\/International\/tunisie-video-mohamed-abbou-accuse-chahed-de-lavoir-mis-sous-surveillance-policiere\/","title":{"rendered":"Tunisie \u2013 VIDEO\u00a0: Mohamed Abbou accuse Chahed de l\u2019avoir mis sous surveillance polici\u00e8re"},"content":{"rendered":"<div class=\"post-cont-in left relative\">\n<div class=\"nc_socialPanel swp_flatFresh swp_d_fullColor swp_i_fullColor swp_o_fullColor scale-100 scale-fullWidth\" data-position=\"none\" data-float=\"floatNone\" data-count=\"5\" data-floatcolor=\"#ffffff\" data-emphasize=\"0\">\n<div class=\"nc_tweetContainer totes totesalt\" data-id=\"6\"><span class=\"swp_count\"><span class=\"swp_label\">Partages<\/span> 0<\/span><\/div>\n<\/div>\n<p>Le Secr\u00e9taire G\u00e9n\u00e9ral du courant d\u00e9mocratique et candidat du parti aux prochaines pr\u00e9sidentielles a accus\u00e9, ce mardi, au micro de Mosa\u00efqueFM le chef du gouvernement, Youssef Chahed d\u2019avoir donn\u00e9 des consignes aux forces de l\u2019ordre de le mettre sous surveillance polici\u00e8re.<\/p>\n<p>Abbou a d\u00e9clar\u00e9 qu\u2019il s\u2019est assur\u00e9 de l\u2019information et qu\u2019il poss\u00e8de des clich\u00e9s pour confirmer ses dires. Il a dit que ce faisant, Youssef Chahed s\u2019est positionn\u00e9, non plus comme un potentiel concurrent mais dans le r\u00f4le d\u2019ennemi.<\/p>\n<div class=\"code-block code-block-1 c4\"><ins class=\"adsbygoogle c3\" data-ad-layout=\"in-article\" data-ad-format=\"fluid\" data-ad-client=\"ca-pub-2102118777505746\" data-ad-slot=\"7301775417\"\/> <\/div>\n<div class=\"mvp-org-wrap mvp-org-logo\" itemprop=\"publisher\" itemscope=\"\" itemtype=\"https:\/\/schema.org\/Organization\"><img decoding=\"async\" src=\"https:\/\/www.tunisienumerique.com\/wp-content\/uploads\/2017\/02\/logo_tunisie_numerique.png\"\/><\/div>\n<div class=\"nc_socialPanel swp_flatFresh swp_d_fullColor swp_i_fullColor swp_o_fullColor scale-100 scale-fullWidth\" data-position=\"none\" data-float=\"floatNone\" data-count=\"5\" data-floatcolor=\"#ffffff\" data-emphasize=\"0\">\n<div class=\"nc_tweetContainer totes totesalt\" data-id=\"6\"><span class=\"swp_count\"><span class=\"swp_label\">Partages<\/span> 0<\/span><\/div>\n<\/div>\n<div class=\"mvp-related-posts left relative\">\n<h4 class=\"post-header\"><span class=\"post-header\">Lire aussi<\/span><\/h4>\n<\/div>\n<\/div>\n<p>Auteur: LM<br \/>\n<a href=\"https:\/\/www.tunisienumerique.com\/tunisie-video-mohamed-abbou-accuse-chahed-de-lavoir-mis-sous-surveillance-policiere\/\">Cliquez ici pour lire l&rsquo;article depuis sa source.<\/a><\/p>\n","protected":false},"excerpt":{"rendered":"<p>Partages 0 Le Secr\u00e9taire G\u00e9n\u00e9ral du courant d\u00e9mocratique et candidat du parti aux prochaines pr\u00e9sidentielles a accus\u00e9, ce mardi, au micro de Mosa\u00efqueFM le chef du gouvernement, Youssef Chahed d\u2019avoir donn\u00e9 des consignes aux forces de l\u2019ordre de le mettre sous surveillance polici\u00e8re. Abbou a d\u00e9clar\u00e9 qu\u2019il s\u2019est assur\u00e9 de l\u2019information et qu\u2019il poss\u00e8de des [&hellip;]<\/p>\n","protected":false},"author":1789,"featured_media":29694,"comment_status":"closed","ping_status":"closed","sticky":false,"template":"","format":"standard","meta":{"fifu_image_url":"","fifu_image_alt":"","footnotes":""},"categories":[73,55],"tags":[],"class_list":["post-29693","post","type-post","status-publish","format-standard","has-post-thumbnail","hentry","category-actualite","category-tunisie"],"_links":{"self":[{"href":"https:\/\/linitiative.ca\/International\/wp-json\/wp\/v2\/posts\/29693","targetHints":{"allow":["GET"]}}],"collection":[{"href":"https:\/\/linitiative.ca\/International\/wp-json\/wp\/v2\/posts"}],"about":[{"href":"https:\/\/linitiative.ca\/International\/wp-json\/wp\/v2\/types\/post"}],"author":[{"embeddable":true,"href":"https:\/\/linitiative.ca\/International\/wp-json\/wp\/v2\/users\/1789"}],"replies":[{"embeddable":true,"href":"https:\/\/linitiative.ca\/International\/wp-json\/wp\/v2\/comments?post=29693"}],"version-history":[{"count":0,"href":"https:\/\/linitiative.ca\/International\/wp-json\/wp\/v2\/posts\/29693\/revisions"}],"wp:featuredmedia":[{"embeddable":true,"href":"https:\/\/linitiative.ca\/International\/wp-json\/"}],"wp:attachment":[{"href":"https:\/\/linitiative.ca\/International\/wp-json\/wp\/v2\/media?parent=29693"}],"wp:term":[{"taxonomy":"category","embeddable":true,"href":"https:\/\/linitiative.ca\/International\/wp-json\/wp\/v2\/categories?post=29693"},{"taxonomy":"post_tag","embeddable":true,"href":"https:\/\/linitiative.ca\/International\/wp-json\/wp\/v2\/tags?post=29693"}],"curies":[{"name":"wp","href":"https:\/\/api.w.org\/{rel}","templated":true}]}}