{"id":29695,"date":"2019-04-23T16:26:46","date_gmt":"2019-04-23T20:26:46","guid":{"rendered":"https:\/\/linitiative.ca\/International\/tunisie-omar-behi-na-rien-compris-a-sa-mission-mais-ce-nest-pas-que-sa-faute\/"},"modified":"2019-04-23T16:26:46","modified_gmt":"2019-04-23T20:26:46","slug":"tunisie-omar-behi-na-rien-compris-a-sa-mission-mais-ce-nest-pas-que-sa-faute","status":"publish","type":"post","link":"https:\/\/linitiative.ca\/International\/tunisie-omar-behi-na-rien-compris-a-sa-mission-mais-ce-nest-pas-que-sa-faute\/","title":{"rendered":"Tunisie \u2013 Omar Behi n\u2019a rien compris \u00e0 sa mission\u2026 Mais ce n\u2019est pas QUE sa faute"},"content":{"rendered":"<div class=\"post-cont-in left relative\">\n<div class=\"nc_socialPanel swp_flatFresh swp_d_fullColor swp_i_fullColor swp_o_fullColor scale-100 scale-fullWidth\" data-position=\"none\" data-float=\"floatNone\" data-count=\"5\" data-floatcolor=\"#ffffff\" data-emphasize=\"0\">\n<div class=\"nc_tweetContainer totes totesalt\" data-id=\"6\"><span class=\"swp_count\"><span class=\"swp_label\">Partages<\/span> 0<\/span><\/div>\n<\/div>\n<p>Le ministre du Commerce, Omar Behi, semble n\u2019avoir rien compris des abc de sa mission et de son m\u00e9tier. A commencer par le circuit de distribution des produits de consommation jusqu\u2019\u00e0 ce qu\u2019ils arrivent dans l\u2019assiette du consommateur.<\/p>\n<p>Il faut reconna\u00eetre qu\u2019\u00e0 sa d\u00e9charge, Omar Behi, n\u2019a ni la formation ni l\u2019exp\u00e9rience qu\u2019il faut pour \u00eatre ministre du Commerce, surtout dans des conditions de crise, comme celle que traverse le pays, en ce moment, l\u00e2ch\u00e9 entre les mains des parrains de la mafia des sp\u00e9culateurs de tous bords.<\/p>\n<div class=\"code-block code-block-1 c3\"><ins class=\"adsbygoogle c2\" data-ad-layout=\"in-article\" data-ad-format=\"fluid\" data-ad-client=\"ca-pub-2102118777505746\" data-ad-slot=\"7301775417\"\/> <\/div>\n<p>Donc, ce n\u2019est pas de sa faute quand il nous fait des sorties m\u00e9diatiques pour pr\u00e9tendre avoir mis fin \u00e0 la chert\u00e9 de la vie, en op\u00e9rant quelques descentes par-ci, par l\u00e0, sur des entrep\u00f4ts de fruits et de l\u00e9gumes. Ce n\u2019est pas, non plus, sa faute quand il assure avoir r\u00e9ussi \u00e0 baisser les prix \u00e0 la consommation, en se basant sur les seuls chiffres des prix affich\u00e9s aux march\u00e9s de gros. Ce n\u2019est pas non plus sa faute, si les prix au d\u00e9tail demeurent inchang\u00e9s malgr\u00e9 les efforts d\u00e9ploy\u00e9s pour contr\u00f4ler les tarifs \u00e0 la production et \u00e0 la vente au gros.<\/p>\n<p>Ce n\u2019est pas de sa faute. C\u2019est, plut\u00f4t, celle de son entourage au sein du minist\u00e8re. Car il reste, certainement, dans les couloirs de ce minist\u00e8re, des cadres de \u00ab\u00a0l\u2019ancienne garde\u00a0\u00bb, ceux qui ont c\u00f4toy\u00e9 les anciens ministres comme Mondher Zena\u00efdi qui savait suivre les produits de consommation, depuis les semences, jusqu\u2019\u00e0 la cueillette et jusqu\u2019\u00e0 ce que ces produits arrivent dans l\u2019assiette du consommateur.<\/p>\n<p>Ces anciens cadres du minist\u00e8re savent bien comment fonctionnait leur d\u00e9partement et comment ils arrivaient \u00e0 ma\u00eetriser tous les maillons de la cha\u00eene de production et de distribution des produits de consommation. Ils savent, aussi, comment ils faisaient pour anticiper le moindre d\u00e9r\u00e8glement du march\u00e9 et de son ravitaillement, en recourant, quand il le fallait, \u00e0 l\u2019importation de tel ou tel produit.<\/p>\n<p>Du moment que le syst\u00e8me ne marche plus de la m\u00eame mani\u00e8re. Il n\u2019y a que trois raisons possibles\u00a0: soit que ces cadres ne veulent plus travailler comme ils savent le faire et se d\u00e9sengagent compl\u00e8tement de leur devoir. Soit que tous les anciens cadres ont \u00e9t\u00e9 \u00e9cart\u00e9s au profit d\u2019une nouvelle \u00e9lite, directement issue des ge\u00f4les. Soit, alors, que Omar Behi reste imperm\u00e9able aux conseils de ses collaborateurs, ce qui n\u2019arrange aucunement son cas.<\/p>\n<div class=\"mvp-org-wrap mvp-org-logo\" itemprop=\"publisher\" itemscope=\"\" itemtype=\"https:\/\/schema.org\/Organization\"><img decoding=\"async\" src=\"https:\/\/www.tunisienumerique.com\/wp-content\/uploads\/2017\/02\/logo_tunisie_numerique.png\"\/><\/div>\n<div class=\"nc_socialPanel swp_flatFresh swp_d_fullColor swp_i_fullColor swp_o_fullColor scale-100 scale-fullWidth\" data-position=\"none\" data-float=\"floatNone\" data-count=\"5\" data-floatcolor=\"#ffffff\" data-emphasize=\"0\">\n<div class=\"nc_tweetContainer totes totesalt\" data-id=\"6\"><span class=\"swp_count\"><span class=\"swp_label\">Partages<\/span> 0<\/span><\/div>\n<\/div>\n<div class=\"mvp-related-posts left relative\">\n<h4 class=\"post-header\"><span class=\"post-header\">Lire aussi<\/span><\/h4>\n<\/div>\n<\/div>\n<p>Auteur: Ramsis<br \/>\n<a href=\"https:\/\/www.tunisienumerique.com\/tunisie-omar-behi-na-rien-compris-a-sa-mission-mais-ce-nest-pas-que-sa-faute\/\">Cliquez ici pour lire l&rsquo;article depuis sa source.<\/a><\/p>\n","protected":false},"excerpt":{"rendered":"<p>Partages 0 Le ministre du Commerce, Omar Behi, semble n\u2019avoir rien compris des abc de sa mission et de son m\u00e9tier. A commencer par le circuit de distribution des produits de consommation jusqu\u2019\u00e0 ce qu\u2019ils arrivent dans l\u2019assiette du consommateur. Il faut reconna\u00eetre qu\u2019\u00e0 sa d\u00e9charge, Omar Behi, n\u2019a ni la formation ni l\u2019exp\u00e9rience qu\u2019il [&hellip;]<\/p>\n","protected":false},"author":1789,"featured_media":29696,"comment_status":"closed","ping_status":"closed","sticky":false,"template":"","format":"standard","meta":{"fifu_image_url":"","fifu_image_alt":"","footnotes":""},"categories":[73,55],"tags":[],"class_list":["post-29695","post","type-post","status-publish","format-standard","has-post-thumbnail","hentry","category-actualite","category-tunisie"],"_links":{"self":[{"href":"https:\/\/linitiative.ca\/International\/wp-json\/wp\/v2\/posts\/29695","targetHints":{"allow":["GET"]}}],"collection":[{"href":"https:\/\/linitiative.ca\/International\/wp-json\/wp\/v2\/posts"}],"about":[{"href":"https:\/\/linitiative.ca\/International\/wp-json\/wp\/v2\/types\/post"}],"author":[{"embeddable":true,"href":"https:\/\/linitiative.ca\/International\/wp-json\/wp\/v2\/users\/1789"}],"replies":[{"embeddable":true,"href":"https:\/\/linitiative.ca\/International\/wp-json\/wp\/v2\/comments?post=29695"}],"version-history":[{"count":0,"href":"https:\/\/linitiative.ca\/International\/wp-json\/wp\/v2\/posts\/29695\/revisions"}],"wp:featuredmedia":[{"embeddable":true,"href":"https:\/\/linitiative.ca\/International\/wp-json\/"}],"wp:attachment":[{"href":"https:\/\/linitiative.ca\/International\/wp-json\/wp\/v2\/media?parent=29695"}],"wp:term":[{"taxonomy":"category","embeddable":true,"href":"https:\/\/linitiative.ca\/International\/wp-json\/wp\/v2\/categories?post=29695"},{"taxonomy":"post_tag","embeddable":true,"href":"https:\/\/linitiative.ca\/International\/wp-json\/wp\/v2\/tags?post=29695"}],"curies":[{"name":"wp","href":"https:\/\/api.w.org\/{rel}","templated":true}]}}