{"id":29700,"date":"2019-04-23T14:18:05","date_gmt":"2019-04-23T18:18:05","guid":{"rendered":"https:\/\/linitiative.ca\/International\/la-chanceliere-allemande-angela-merkel-attendue-a-ouagadougou-le-1er-mai\/"},"modified":"2019-04-23T14:18:05","modified_gmt":"2019-04-23T18:18:05","slug":"la-chanceliere-allemande-angela-merkel-attendue-a-ouagadougou-le-1er-mai","status":"publish","type":"post","link":"https:\/\/linitiative.ca\/International\/la-chanceliere-allemande-angela-merkel-attendue-a-ouagadougou-le-1er-mai\/","title":{"rendered":"La chanceli\u00e8re allemande Angela Merkel attendue \u00e0 Ouagadougou, le 1er mai"},"content":{"rendered":"<div readability=\"32\">\n<p>Publi\u00e9 le 23.04.2019 \u00e0 19h18 par APA News<\/p>\n<\/div>\n<div readability=\"73\">\n<p>La Chanceli\u00e8re allemande, Angela Merkel va effectuer les 1er et 2 mai 2019 une visite d\u2019amiti\u00e9 et de travail \u00e0 Ouagadougou, a annonc\u00e9 mardi, la pr\u00e9sidence du Faso dans un communiqu\u00e9 de presse.Selon le communiqu\u00e9 de la Direction de la communication de la pr\u00e9sidence du Faso, \u00abau cours de ce s\u00e9jour, elle (Angela Merkel) aura une rencontre bilat\u00e9rale avec le pr\u00e9sident du Faso, Roch Marc Christian Kabor\u00e9, avant de participer \u00e0 un sommet extraordinaire du G5 Sahel\u00bb.<\/p>\n<p>Le texte rappelle qu\u2019il s\u2019agit de la toute premi\u00e8re visite d\u2019un chancelier allemand au Burkina Faso, pr\u00e9cisant que le s\u00e9jour d\u2019Angela Merkel participe du renforcement de la coop\u00e9ration entre Ouagadougou et Berlin.<\/p>\n<p>\u00abCette coop\u00e9ration date du d\u00e9but des ind\u00e9pendances (1961) et se concentre aujourd\u2019hui sur l\u2019agriculture et la gestion des ressources naturelles, l\u2019hydraulique urbaine et rurale, la d\u00e9centralisation et le d\u00e9veloppement local, et enfin le genre comme domaines d\u2019interventions prioritaires\u00bb, note le document.<\/p>\n<p>Il ajoute qu\u2019au cours du sommet extraordinaire du G5 Sahel, la chanceli\u00e8re allemande aura une s\u00e9ance de travail avec les cinq chefs d\u2019Etat de l\u2019organisation sur la question de la lutte contre le terrorisme, et l\u2019op\u00e9rationnalisation de la force conjointe.<\/p>\n<p><ins data-revive-zoneid=\"9\" data-revive-id=\"10111e19d28d19d031742ee3b0b33eb0\"\/> <\/p>\n<p>\u00abLes \u00e9changes vont \u00e9galement porter sur la probl\u00e9matique du d\u00e9veloppement dans les pays du G5, qui affichent l\u2019ambition de faire du Sahel un espace int\u00e9gr\u00e9 de d\u00e9veloppement et de s\u00e9curit\u00e9\u00bb, indique le communiqu\u00e9 de presse.<\/p>\n<p>Le pr\u00e9sident Kabor\u00e9 assure depuis le 5 f\u00e9vrier dernier la pr\u00e9sidence du G5 Sahel. Il a \u00e9t\u00e9 d\u00e9j\u00e0 re\u00e7u \u00e0 Berlin deux reprises par la chanceli\u00e8re allemande, respectivement en mars 2017 et en f\u00e9vrier 2019.<\/p>\n<\/div>\n<p>Auteur: APA News<br \/>\n<a href=\"https:\/\/www.journalducameroun.com\/fr\/la-chanceliere-allemande-angela-merkel-attendue-a-ouagadougou-le-1er-mai\/\">Cliquez ici pour lire l&rsquo;article depuis sa source.<\/a><\/p>\n","protected":false},"excerpt":{"rendered":"<p>Publi\u00e9 le 23.04.2019 \u00e0 19h18 par APA News La Chanceli\u00e8re allemande, Angela Merkel va effectuer les 1er et 2 mai 2019 une visite d\u2019amiti\u00e9 et de travail \u00e0 Ouagadougou, a annonc\u00e9 mardi, la pr\u00e9sidence du Faso dans un communiqu\u00e9 de presse.Selon le communiqu\u00e9 de la Direction de la communication de la pr\u00e9sidence du Faso, \u00abau [&hellip;]<\/p>\n","protected":false},"author":1965,"featured_media":0,"comment_status":"closed","ping_status":"closed","sticky":false,"template":"","format":"standard","meta":{"fifu_image_url":"","fifu_image_alt":"","footnotes":""},"categories":[73,82],"tags":[],"class_list":["post-29700","post","type-post","status-publish","format-standard","hentry","category-actualite","category-cameroun"],"_links":{"self":[{"href":"https:\/\/linitiative.ca\/International\/wp-json\/wp\/v2\/posts\/29700","targetHints":{"allow":["GET"]}}],"collection":[{"href":"https:\/\/linitiative.ca\/International\/wp-json\/wp\/v2\/posts"}],"about":[{"href":"https:\/\/linitiative.ca\/International\/wp-json\/wp\/v2\/types\/post"}],"author":[{"embeddable":true,"href":"https:\/\/linitiative.ca\/International\/wp-json\/wp\/v2\/users\/1965"}],"replies":[{"embeddable":true,"href":"https:\/\/linitiative.ca\/International\/wp-json\/wp\/v2\/comments?post=29700"}],"version-history":[{"count":0,"href":"https:\/\/linitiative.ca\/International\/wp-json\/wp\/v2\/posts\/29700\/revisions"}],"wp:attachment":[{"href":"https:\/\/linitiative.ca\/International\/wp-json\/wp\/v2\/media?parent=29700"}],"wp:term":[{"taxonomy":"category","embeddable":true,"href":"https:\/\/linitiative.ca\/International\/wp-json\/wp\/v2\/categories?post=29700"},{"taxonomy":"post_tag","embeddable":true,"href":"https:\/\/linitiative.ca\/International\/wp-json\/wp\/v2\/tags?post=29700"}],"curies":[{"name":"wp","href":"https:\/\/api.w.org\/{rel}","templated":true}]}}