{"id":29701,"date":"2019-04-23T14:50:02","date_gmt":"2019-04-23T18:50:02","guid":{"rendered":"https:\/\/linitiative.ca\/International\/le-plan-de-paix-israelo-palestinien-de-trump-devoile-apres-le-ramadan\/"},"modified":"2019-04-23T14:50:02","modified_gmt":"2019-04-23T18:50:02","slug":"le-plan-de-paix-israelo-palestinien-de-trump-devoile-apres-le-ramadan","status":"publish","type":"post","link":"https:\/\/linitiative.ca\/International\/le-plan-de-paix-israelo-palestinien-de-trump-devoile-apres-le-ramadan\/","title":{"rendered":"Le plan de paix isra\u00e9lo-palestinien de Trump d\u00e9voil\u00e9 apr\u00e8s le ramadan"},"content":{"rendered":"<div readability=\"32\">\n<p>Publi\u00e9 le 23.04.2019 \u00e0 19h50 par AFP<\/p>\n<\/div>\n<div readability=\"132\">\n<p>Le plan de paix isra\u00e9lo-palestinien promis par Donald Trump sera d\u00e9voil\u00e9 apr\u00e8s le ramadan, qui prend fin autour du 4 juin, a annonc\u00e9 mardi le conseiller de la Maison Blanche Jared Kushner, en mettant l\u2019accent sur un plan de d\u00e9veloppement plus large pour le Moyen-Orient.<\/p>\n<p>L\u2019influent gendre du pr\u00e9sident des Etats-Unis, charg\u00e9 depuis deux ans par le milliardaire r\u00e9publicain de r\u00e9diger \u00ab\u00a0l\u2019accord ultime\u00a0\u00bb pour mettre fin \u00e0 l\u2019inextricable conflit entre Isra\u00e9liens et Palestiniens, a expliqu\u00e9 qu\u2019il \u00e9tait sur le point de rendre public ce plan fin 2018 quand Isra\u00ebl a annonc\u00e9 des \u00e9lections anticip\u00e9es, qui se sont d\u00e9roul\u00e9es d\u00e9but avril.<\/p>\n<p>A pr\u00e9sent, le Premier ministre Benjamin Netanyahu, qui a eu \u00ab\u00a0une grande victoire\u00a0\u00bb, \u00ab\u00a0est en pleine formation de sa coalition\u00a0\u00bb et \u00ab\u00a0quand il aura fini nous serons probablement en plein ramadan\u00a0\u00bb, a-t-il relev\u00e9 lors d\u2019une conf\u00e9rence organis\u00e9e par le magazine Time \u00e0 New York.<\/p>\n<p>\u00ab\u00a0Nous allons attendre jusqu\u2019\u00e0 la fin du ramadan et ensuite nous publierons notre plan\u00a0\u00bb, a-t-il ajout\u00e9.<\/p>\n<p>Donald Trump a promis de r\u00e9ussir sur ce sujet o\u00f9 tous ses pr\u00e9d\u00e9cesseurs ont \u00e9chou\u00e9, et il a confi\u00e9 cette lourde t\u00e2che \u00e0 Jared Kushner, 38 ans, \u00e0 la t\u00eate d\u2019une petite \u00e9quipe r\u00e9put\u00e9e tr\u00e8s proche de l\u2019Etat h\u00e9breu, avec son bras droit Jason Greenblatt et l\u2019ambassadeur des Etats-Unis \u00e0 J\u00e9rusalem David Friedman.<\/p>\n<p>Sans exp\u00e9rience diplomatique au d\u00e9part, le gendre du pr\u00e9sident est parvenu jusqu\u2019ici \u00e0 garder le secret sur le contenu de son plan, que les dirigeants palestiniens ont toutefois rejet\u00e9 avant m\u00eame sa publication, d\u00e9niant au pr\u00e9sident am\u00e9ricain tout statut de m\u00e9diateur depuis qu\u2019il a unilat\u00e9ralement reconnu J\u00e9rusalem comme capitale d\u2019Isra\u00ebl.<\/p>\n<p>\u2013 \u00ab\u00a0Compromis difficiles\u00a0\u00bb \u2013<\/p>\n<p>Une fois de plus, le conseiller, dont les prises de parole publiques sont rares, n\u2019est pas entr\u00e9 dans le d\u00e9tail mardi, vantant seulement \u00ab\u00a0une approche non conventionnelle\u00a0\u00bb.<\/p>\n<p><ins data-revive-zoneid=\"9\" data-revive-id=\"10111e19d28d19d031742ee3b0b33eb0\"\/> <\/p>\n<p>\u00ab\u00a0J\u2019esp\u00e8re que c\u2019est une vision tr\u00e8s globale pour ce qui peut se passer si les gens sont pr\u00eats \u00e0 faire des choix difficiles\u00a0\u00bb, a-t-il expliqu\u00e9. \u00ab\u00a0Si les gens se concentrent sur les vieux param\u00e8tres traditionnels, nous ne ferons jamais de progr\u00e8s\u00a0\u00bb, a-t-il estim\u00e9, alors que les observateurs soup\u00e7onnent de plus en plus l\u2019administration Trump de vouloir r\u00e9viser, au d\u00e9triment des Palestiniens, plusieurs points jug\u00e9s jusque-l\u00e0 intangibles par la communaut\u00e9 internationale.<\/p>\n<p>Jared Kushner a certes assur\u00e9 qu\u2019il y aurait \u00ab\u00a0des compromis difficiles pour les deux parties\u00a0\u00bb.<\/p>\n<p>Mais il a une fois de plus refus\u00e9 de dire si le plan reprendrait \u00e0 son compte la \u00ab\u00a0solution \u00e0 deux Etats\u00a0\u00bb, ostensiblement d\u00e9laiss\u00e9e dans les discours officiels am\u00e9ricains depuis deux ans, en rupture avec le pass\u00e9 et avec le consensus international.<\/p>\n<p>Outre son choix sur J\u00e9rusalem, Donald Trump a d\u00e9j\u00e0 pris plusieurs d\u00e9cisions en faveur d\u2019Isra\u00ebl, comme la reconnaissance de sa souverainet\u00e9 sur le Golan syrien, et a coup\u00e9 les aides aux Palestiniens.<\/p>\n<p>Le conseiller pr\u00e9sidentiel a assur\u00e9 vouloir mettre l\u2019accent d\u2019une part sur la s\u00e9curit\u00e9 d\u2019Isra\u00ebl, et d\u2019autre part sur \u00ab\u00a0l\u2019am\u00e9lioration des conditions de vie des Palestiniens\u00a0\u00bb et sur l\u2019attractivit\u00e9 de leurs territoires pour les investisseurs.<\/p>\n<p>\u00ab\u00a0On s\u2019attaque \u00e0 toutes les questions centrales, car il faut le faire, mais on a aussi b\u00e2ti un solide +business plan+\u00a0\u00bb, ou plan de d\u00e9veloppement, \u00ab\u00a0pour toute la r\u00e9gion\u00a0\u00bb, a-t-il ajout\u00e9. Washington semble compter sur le soutien de pays arabes qui se sont quelque peu rapproch\u00e9s d\u2019Isra\u00ebl, et Jared Kushner a personnellement d\u00e9velopp\u00e9 des relations \u00e9troites avec certains dirigeants de la r\u00e9gion, comme le tr\u00e8s controvers\u00e9 prince h\u00e9ritier saoudien Mohammed ben Salmane.<\/p>\n<p>Il a d\u2019ailleurs reconnu lui avoir conseill\u00e9 \u00ab\u00a0d\u2019\u00eatre aussi transparent que possible\u00a0\u00bb apr\u00e8s le meurtre du journaliste saoudien Jamal Khashoggi, alors que la responsabilit\u00e9 du prince \u00e9tait mise en cause.<\/p>\n<\/div>\n<p>Auteur: AFP<br \/>\n<a href=\"https:\/\/www.journalducameroun.com\/fr\/le-plan-de-paix-israelo-palestinien-de-trump-devoile-apres-le-ramadan\/\">Cliquez ici pour lire l&rsquo;article depuis sa source.<\/a><\/p>\n","protected":false},"excerpt":{"rendered":"<p>Publi\u00e9 le 23.04.2019 \u00e0 19h50 par AFP Le plan de paix isra\u00e9lo-palestinien promis par Donald Trump sera d\u00e9voil\u00e9 apr\u00e8s le ramadan, qui prend fin autour du 4 juin, a annonc\u00e9 mardi le conseiller de la Maison Blanche Jared Kushner, en mettant l\u2019accent sur un plan de d\u00e9veloppement plus large pour le Moyen-Orient. L\u2019influent gendre du [&hellip;]<\/p>\n","protected":false},"author":1965,"featured_media":0,"comment_status":"closed","ping_status":"closed","sticky":false,"template":"","format":"standard","meta":{"fifu_image_url":"","fifu_image_alt":"","footnotes":""},"categories":[73,82],"tags":[],"class_list":["post-29701","post","type-post","status-publish","format-standard","hentry","category-actualite","category-cameroun"],"_links":{"self":[{"href":"https:\/\/linitiative.ca\/International\/wp-json\/wp\/v2\/posts\/29701","targetHints":{"allow":["GET"]}}],"collection":[{"href":"https:\/\/linitiative.ca\/International\/wp-json\/wp\/v2\/posts"}],"about":[{"href":"https:\/\/linitiative.ca\/International\/wp-json\/wp\/v2\/types\/post"}],"author":[{"embeddable":true,"href":"https:\/\/linitiative.ca\/International\/wp-json\/wp\/v2\/users\/1965"}],"replies":[{"embeddable":true,"href":"https:\/\/linitiative.ca\/International\/wp-json\/wp\/v2\/comments?post=29701"}],"version-history":[{"count":0,"href":"https:\/\/linitiative.ca\/International\/wp-json\/wp\/v2\/posts\/29701\/revisions"}],"wp:attachment":[{"href":"https:\/\/linitiative.ca\/International\/wp-json\/wp\/v2\/media?parent=29701"}],"wp:term":[{"taxonomy":"category","embeddable":true,"href":"https:\/\/linitiative.ca\/International\/wp-json\/wp\/v2\/categories?post=29701"},{"taxonomy":"post_tag","embeddable":true,"href":"https:\/\/linitiative.ca\/International\/wp-json\/wp\/v2\/tags?post=29701"}],"curies":[{"name":"wp","href":"https:\/\/api.w.org\/{rel}","templated":true}]}}