{"id":29703,"date":"2019-04-23T15:18:03","date_gmt":"2019-04-23T19:18:03","guid":{"rendered":"https:\/\/linitiative.ca\/International\/gabon-ouverture-du-dialogue-social-gouvernement-syndicats\/"},"modified":"2019-04-23T15:18:03","modified_gmt":"2019-04-23T19:18:03","slug":"gabon-ouverture-du-dialogue-social-gouvernement-syndicats","status":"publish","type":"post","link":"https:\/\/linitiative.ca\/International\/gabon-ouverture-du-dialogue-social-gouvernement-syndicats\/","title":{"rendered":"Gabon : ouverture du dialogue social gouvernement-syndicats"},"content":{"rendered":"<div readability=\"32\">\n<p>Publi\u00e9 le 23.04.2019 \u00e0 20h18 par APA News<\/p>\n<\/div>\n<div readability=\"71\">\n<p>Le Premier ministre gabonais, Julien Nkoghe Bekale a ouvert, mardi \u00e0 Libreville, le dialogue avec les partenaires sociaux en vue d\u2019obtenir une tr\u00eave du front social en effervescence suite aux mesures d\u2019aust\u00e9rit\u00e9 annonc\u00e9es par le gouvernement depuis juin 2018.\u00ab A l\u2019occasion de ma D\u00e9claration de politique g\u00e9n\u00e9rale, le 26 f\u00e9vrier 2019 \u00e0 l\u2019Assembl\u00e9e nationale, j\u2019avais annonc\u00e9 que l\u2019action du gouvernement allait se d\u00e9ployer vers trois grands axes d\u2019actions : la mise en \u0153uvre d\u2019un certain nombre de r\u00e9formes, la r\u00e9alisation des actions \u00e0 fort impact social dans les secteurs prioritaires et l\u2019instauration d\u2019un dialogue multidimensionnel et permanent \u00bb, a d\u00e9clar\u00e9 M. Nkoghe Bekale, ajoutant que \u00ab la rencontre de ce jour n\u2019est nullement command\u00e9e par les imp\u00e9ratifs de la conjoncture sociale.<\/p>\n<p>Le chef du gouvernement a, en outre, indiqu\u00e9 que les partenaires sociaux ont \u00e9t\u00e9 convi\u00e9s non pas pour entamer une quelconque n\u00e9gociation, mais plut\u00f4t pour d\u00e9finir ensemble la nature et poser les bases du dialogue qu\u2019il souhaite permanent, ininterrompu et profitable \u00e0 l\u2019ensemble des Gabonais.<\/p>\n<p>Les syndicats ont affirm\u00e9 pour leur part ne pas \u00eatre oppos\u00e9s \u00e0 un quelconque dialogue. Ils posent cependant des pr\u00e9alables pour la tenue de celui-ci. Il s\u2019agit notamment de la suspension des mesures d\u2019aust\u00e9rit\u00e9s, la r\u00e9habilitation de l\u2019intersyndicale, la Convention nationale des syndicats du secteur \u00e9ducation (CONASYSED) suspendue par le minist\u00e8re de l\u2019Int\u00e9rieur et la pr\u00e9sence \u00e0 ce dialogue du chef de l\u2019Etat Ali Bongo Ondimba.<\/p>\n<p><ins data-revive-zoneid=\"9\" data-revive-id=\"10111e19d28d19d031742ee3b0b33eb0\"\/> <\/p>\n<p>Suite \u00e0 la chute du prix du baril de p\u00e9trole en 2014, le Gabon connait d\u2019\u00e9normes difficult\u00e9s de tr\u00e9sorerie, d\u2019o\u00f9 la d\u00e9cision du gouvernement de baisser le train de vie de l\u2019Etat. Il avait annonc\u00e9 une batterie de mesures draconiennes, notamment la r\u00e9duction des salaires des agents publics percevant un salaire sup\u00e9rieur \u00e0 650.000 FCFA, le gel du recrutement dans la fonction publique et le licenciement de 50% de la main d\u2019\u0153uvre non permanente de l\u2019Etat.<\/p>\n<p>Ces mesures sont jug\u00e9es inopportunes par les syndicats qui rendent les gouvernants responsables de crise actuelle.<\/p>\n<\/div>\n<p>Auteur: APA News<br \/>\n<a href=\"https:\/\/www.journalducameroun.com\/fr\/gabon-ouverture-du-dialogue-social-gouvernement-syndicats\/\">Cliquez ici pour lire l&rsquo;article depuis sa source.<\/a><\/p>\n","protected":false},"excerpt":{"rendered":"<p>Publi\u00e9 le 23.04.2019 \u00e0 20h18 par APA News Le Premier ministre gabonais, Julien Nkoghe Bekale a ouvert, mardi \u00e0 Libreville, le dialogue avec les partenaires sociaux en vue d\u2019obtenir une tr\u00eave du front social en effervescence suite aux mesures d\u2019aust\u00e9rit\u00e9 annonc\u00e9es par le gouvernement depuis juin 2018.\u00ab A l\u2019occasion de ma D\u00e9claration de politique g\u00e9n\u00e9rale, [&hellip;]<\/p>\n","protected":false},"author":1965,"featured_media":0,"comment_status":"closed","ping_status":"closed","sticky":false,"template":"","format":"standard","meta":{"fifu_image_url":"","fifu_image_alt":"","footnotes":""},"categories":[73,82],"tags":[],"class_list":["post-29703","post","type-post","status-publish","format-standard","hentry","category-actualite","category-cameroun"],"_links":{"self":[{"href":"https:\/\/linitiative.ca\/International\/wp-json\/wp\/v2\/posts\/29703","targetHints":{"allow":["GET"]}}],"collection":[{"href":"https:\/\/linitiative.ca\/International\/wp-json\/wp\/v2\/posts"}],"about":[{"href":"https:\/\/linitiative.ca\/International\/wp-json\/wp\/v2\/types\/post"}],"author":[{"embeddable":true,"href":"https:\/\/linitiative.ca\/International\/wp-json\/wp\/v2\/users\/1965"}],"replies":[{"embeddable":true,"href":"https:\/\/linitiative.ca\/International\/wp-json\/wp\/v2\/comments?post=29703"}],"version-history":[{"count":0,"href":"https:\/\/linitiative.ca\/International\/wp-json\/wp\/v2\/posts\/29703\/revisions"}],"wp:attachment":[{"href":"https:\/\/linitiative.ca\/International\/wp-json\/wp\/v2\/media?parent=29703"}],"wp:term":[{"taxonomy":"category","embeddable":true,"href":"https:\/\/linitiative.ca\/International\/wp-json\/wp\/v2\/categories?post=29703"},{"taxonomy":"post_tag","embeddable":true,"href":"https:\/\/linitiative.ca\/International\/wp-json\/wp\/v2\/tags?post=29703"}],"curies":[{"name":"wp","href":"https:\/\/api.w.org\/{rel}","templated":true}]}}