{"id":29704,"date":"2019-04-23T15:50:02","date_gmt":"2019-04-23T19:50:02","guid":{"rendered":"https:\/\/linitiative.ca\/International\/violences-sexuelles-la-france-denonce-a-lonu-une-menace-de-veto-americain\/"},"modified":"2019-04-23T15:50:02","modified_gmt":"2019-04-23T19:50:02","slug":"violences-sexuelles-la-france-denonce-a-lonu-une-menace-de-veto-americain","status":"publish","type":"post","link":"https:\/\/linitiative.ca\/International\/violences-sexuelles-la-france-denonce-a-lonu-une-menace-de-veto-americain\/","title":{"rendered":"Violences sexuelles: la France d\u00e9nonce \u00e0 l\u2019ONU une menace de veto am\u00e9ricain"},"content":{"rendered":"<div readability=\"32\">\n<p>Publi\u00e9 le 23.04.2019 \u00e0 20h50 par AFP<\/p>\n<\/div>\n<div readability=\"89\">\n<p>La France a vivement d\u00e9nonc\u00e9 les Etats-Unis mardi au Conseil de s\u00e9curit\u00e9 de l\u2019ONU pour avoir, tout en agitant la menace d\u2019un veto, vid\u00e9 de sa substance un projet de r\u00e9solution allemand cens\u00e9 intensifier la protection des femmes victimes de violences sexuelles lors des conflits.<\/p>\n<p>\u00ab\u00a0Nous sommes constern\u00e9s par le fait qu\u2019un Etat ait exig\u00e9 le retrait de la r\u00e9f\u00e9rence \u00e0 la sant\u00e9 sexuelle et reproductive pourtant agr\u00e9\u00e9e\u00a0\u00bb dans de pr\u00e9c\u00e9dentes r\u00e9solutions en 2009 et 2013, a d\u00e9clar\u00e9 l\u2019ambassadeur fran\u00e7ais \u00e0 l\u2019ONU, Fran\u00e7ois Delattre.<\/p>\n<p>\u00ab\u00a0Nous d\u00e9plorons que des menaces de veto aient \u00e9t\u00e9 agit\u00e9es par des membres permanents de ce Conseil pour contester 25 ans d\u2019acquis en faveur des droits des femmes dans des situations de conflits arm\u00e9s\u00a0\u00bb, a-t-il ajout\u00e9.<\/p>\n<p>Apr\u00e8s amputation de nombreuses mentions \u00e0 la demande des Etats-Unis, mais \u00e9galement de la Russie et de la Chine, la r\u00e9solution a \u00e9t\u00e9 adopt\u00e9e par 13 voix et deux abstentions, celles de Moscou et P\u00e9kin.<\/p>\n<p>\u00ab\u00a0Des concessions importantes ont \u00e9t\u00e9 accord\u00e9es sous la pression de plusieurs membres permanents qui n\u2019ont pas permis au texte d\u2019aller aussi loin que nous l\u2019aurions souhait\u00e9\u00a0\u00bb, a poursuivi Fran\u00e7ois Delattre.<\/p>\n<p>\u00ab\u00a0Il est inexplicable que l\u2019acc\u00e8s \u00e0 la sant\u00e9 sexuelle et reproductive ne soit pas explicitement reconnu aux victimes de violences sexuelles, elles qui sont souvent la cible d\u2019atroces exactions et de mutilations barbares\u00a0\u00bb, a aussi lanc\u00e9 le diplomate.<\/p>\n<p><ins data-revive-zoneid=\"9\" data-revive-id=\"10111e19d28d19d031742ee3b0b33eb0\"\/> <\/p>\n<p>Alors que les \u00ab\u00a0victimes ont de toute \u00e9vidence besoin de ces soins\u00a0\u00bb, \u00ab\u00a0cette omission est inacceptable et porte atteinte \u00e0 la dignit\u00e9 des femmes\u00a0\u00bb, a-t-il insist\u00e9.<\/p>\n<p>\u00ab\u00a0De m\u00eame, il est intol\u00e9rable et incompr\u00e9hensible que le Conseil de s\u00e9curit\u00e9 soit incapable de reconna\u00eetre que les femmes et les filles qui ont subi des violences sexuelles en temps de conflit et qui n\u2019ont \u00e9videmment pas choisi d\u2019\u00eatre enceintes, ont le droit d\u2019avoir le choix d\u2019interrompre leur grossesse\u00a0\u00bb, a-t-il dit.<\/p>\n<p>\u00ab\u00a0Les femmes doivent pouvoir disposer librement de leur corps\u00a0\u00bb, a-t-il r\u00e9clam\u00e9.<\/p>\n<p>Selon des diplomates, l\u2019opposition de l\u2019administration conservatrice de Donald Trump a \u00e9t\u00e9 d\u00e9terminante pour emp\u00eacher un consensus \u00e0 ce sujet. Depuis plus d\u2019une semaine, Washington s\u2019est efforc\u00e9 de gommer dans le texte les mentions relatives aux femmes tombant enceintes apr\u00e8s un viol, afin de ne pas favoriser les avortements.<\/p>\n<\/div>\n<p>Auteur: AFP<br \/>\n<a href=\"https:\/\/www.journalducameroun.com\/fr\/violences-sexuelles-la-france-denonce-a-lonu-une-menace-de-veto-americain\/\">Cliquez ici pour lire l&rsquo;article depuis sa source.<\/a><\/p>\n","protected":false},"excerpt":{"rendered":"<p>Publi\u00e9 le 23.04.2019 \u00e0 20h50 par AFP La France a vivement d\u00e9nonc\u00e9 les Etats-Unis mardi au Conseil de s\u00e9curit\u00e9 de l\u2019ONU pour avoir, tout en agitant la menace d\u2019un veto, vid\u00e9 de sa substance un projet de r\u00e9solution allemand cens\u00e9 intensifier la protection des femmes victimes de violences sexuelles lors des conflits. \u00ab\u00a0Nous sommes constern\u00e9s [&hellip;]<\/p>\n","protected":false},"author":1965,"featured_media":0,"comment_status":"closed","ping_status":"closed","sticky":false,"template":"","format":"standard","meta":{"fifu_image_url":"","fifu_image_alt":"","footnotes":""},"categories":[73,82],"tags":[],"class_list":["post-29704","post","type-post","status-publish","format-standard","hentry","category-actualite","category-cameroun"],"_links":{"self":[{"href":"https:\/\/linitiative.ca\/International\/wp-json\/wp\/v2\/posts\/29704","targetHints":{"allow":["GET"]}}],"collection":[{"href":"https:\/\/linitiative.ca\/International\/wp-json\/wp\/v2\/posts"}],"about":[{"href":"https:\/\/linitiative.ca\/International\/wp-json\/wp\/v2\/types\/post"}],"author":[{"embeddable":true,"href":"https:\/\/linitiative.ca\/International\/wp-json\/wp\/v2\/users\/1965"}],"replies":[{"embeddable":true,"href":"https:\/\/linitiative.ca\/International\/wp-json\/wp\/v2\/comments?post=29704"}],"version-history":[{"count":0,"href":"https:\/\/linitiative.ca\/International\/wp-json\/wp\/v2\/posts\/29704\/revisions"}],"wp:attachment":[{"href":"https:\/\/linitiative.ca\/International\/wp-json\/wp\/v2\/media?parent=29704"}],"wp:term":[{"taxonomy":"category","embeddable":true,"href":"https:\/\/linitiative.ca\/International\/wp-json\/wp\/v2\/categories?post=29704"},{"taxonomy":"post_tag","embeddable":true,"href":"https:\/\/linitiative.ca\/International\/wp-json\/wp\/v2\/tags?post=29704"}],"curies":[{"name":"wp","href":"https:\/\/api.w.org\/{rel}","templated":true}]}}