{"id":29705,"date":"2019-04-23T15:50:04","date_gmt":"2019-04-23T19:50:04","guid":{"rendered":"https:\/\/linitiative.ca\/International\/attentats-au-sri-lanka-le-croque-mort-de-colombo-narrete-pas-de-creuser\/"},"modified":"2019-04-23T15:50:04","modified_gmt":"2019-04-23T19:50:04","slug":"attentats-au-sri-lanka-le-croque-mort-de-colombo-narrete-pas-de-creuser","status":"publish","type":"post","link":"https:\/\/linitiative.ca\/International\/attentats-au-sri-lanka-le-croque-mort-de-colombo-narrete-pas-de-creuser\/","title":{"rendered":"Attentats au Sri Lanka : le croque-mort de Colombo n\u2019arr\u00eate pas de creuser"},"content":{"rendered":"<div readability=\"32\">\n<p>Publi\u00e9 le 23.04.2019 \u00e0 20h50 par AFP<\/p>\n<\/div>\n<div readability=\"136\">\n<p>Piyasri Gunasena n\u2019a jamais \u00e9t\u00e9 autant occup\u00e9, m\u00eame aux pires moments de la guerre civile qui a d\u00e9chir\u00e9 le Sri Lanka pendant des d\u00e9cennies.<\/p>\n<p>D\u2019habitude, le fossoyeur du cimeti\u00e8re de Madampitiya, \u00e0 Colombo, creuse une tombe chaque jour, rarement plus. Et puis il coupe un peu de gazon, jette un \u0153il \u00e0 l\u2019\u00e9tat des caveaux et, si n\u00e9cessaire, creuse un trou.<\/p>\n<p>Pourtant, mardi, deux jours apr\u00e8s les attaques jihadistes (plus de 320 morts) du dimanche de P\u00e2ques sur l\u2019\u00eele de l\u2019oc\u00e9an Indien, Piyasri Gunasena a d\u00e9j\u00e0 excav\u00e9 dix tombes. Et l\u2019apr\u00e8s-midi n\u2019est pas encore finie.<\/p>\n<p>\u00ab\u00a0M\u00eame pendant la guerre (entre s\u00e9paratistes tamouls et majorit\u00e9 cingalaise, qui a fait jusqu\u2019\u00e0 100.000 morts, ndlr), il n\u2019y avait pas autant de boulot. De temps en temps les fun\u00e9railles d\u2019un soldat, mais c\u2019\u00e9tait tout\u00a0\u00bb, raconte le croque-mort.<\/p>\n<p>Depuis dimanche, les cercueils n\u2019ont pas cess\u00e9 d\u2019arriver au cimeti\u00e8re de Madampitiya.<\/p>\n<p>\u00ab\u00a0La police n\u2019a pas encore rendu tous les restes, mais je pense qu\u2019on va \u00eatre occup\u00e9 encore pendant un moment\u00a0\u00bb, philosophe M. Gunasena.<\/p>\n<p>Parmi les tombes qu\u2019il a pr\u00e9par\u00e9es, il y a celle d\u2019un b\u00e9b\u00e9 de 11 mois.<\/p>\n<p>\u00ab\u00a0Chaque fois que je creuse une tombe pour un enfant, je pense \u00e0 ma petite-fille et j\u2019ai envie de chialer\u00a0\u00bb, d\u00e9clare le fossoyeur de 48 ans, en nage dans son T-shirt ray\u00e9 et son vieux short.<\/p>\n<p>\u2013 Pleurs et g\u00e9missements \u2013<\/p>\n<p>Assister aux fun\u00e9railles lui brise le coeur. Surtout les pleurs et les g\u00e9missements des proches, insupportables, obs\u00e9dants.<\/p>\n<p><ins data-revive-zoneid=\"9\" data-revive-id=\"10111e19d28d19d031742ee3b0b33eb0\"\/> <\/p>\n<p>\u00ab\u00a0Quand je vois les gens pleurer, je suis boulevers\u00e9\u00a0\u00bb, t\u00e9moigne-t-il.<\/p>\n<p>Piyasri Gunasena est bouddhiste, comme la vaste majorit\u00e9 des Srilankais, mais \u2014 m\u00e9tier oblige \u2014 il fr\u00e9quente les \u00e9glises catholiques et les temples protestants. Il prie r\u00e9guli\u00e8rement pour \u00ab\u00a0se lib\u00e9rer l\u2019esprit\u00a0\u00bb.<\/p>\n<p>\u00ab\u00a0Ces deux derniers jours, j\u2019ai pri\u00e9 plus que d\u2019habitude\u2013 plusieurs fois par jour m\u00eame \u2013, implorant Dieu de ne pas permettre qu\u2019une telle atrocit\u00e9 ne se reproduise\u00a0\u00bb, assure-t-il.<\/p>\n<p>Dans son \u00e9crin de verdure, le paisible cimeti\u00e8re de Madampitiya voit se succ\u00e9der les cort\u00e8ges fun\u00e8bres, les familles endeuill\u00e9es venues dire adieu \u00e0 leurs d\u00e9funts.<\/p>\n<p>Mardi, des centaines de personnes se sont d\u00e9plac\u00e9es pour la famille Gomez.<\/p>\n<p>Toute la famille \u2014 le p\u00e8re de 33 ans, Berlington Joseph Gomez, son \u00e9pouse et leurs trois gar\u00e7onnets \u00e2g\u00e9s de 9, 6 et 1 an \u00e0 peine \u2014 ont trouv\u00e9 la mort dans l\u2019attaque terroriste contre l\u2019\u00e9glise catholique Saint-Antoine de Colombo.<\/p>\n<p>La foule sanglote, elle entonne un cantique quand le minuscule cercueil du petit Avon est port\u00e9 en terre. Il aurait f\u00eat\u00e9 son premier anniversaire le 5 mai. Son grand-p\u00e8re veut qu\u2019il soit baptis\u00e9 ce jour l\u00e0.<\/p>\n<p>A la fin de la journ\u00e9e, avant de quitter le cimeti\u00e8re, le fossoyeur de Colombo rallume sur chaque tombe les bougies souffl\u00e9es par la brise du soir.<\/p>\n<p>\u00ab\u00a0C\u2019est ma fa\u00e7on de respecter les morts, de leur montrer mon attachement et de conforter les familles\u00a0\u00bb, explique-t-il. \u00ab\u00a0Tous, nous sommes connect\u00e9s, tous. Humains d\u2019abord, avant que d\u2019\u00eatre chr\u00e9tiens, bouddhistes ou qui que ce soit d\u2019autre\u00a0\u00bb.<\/p>\n<\/div>\n<p>Auteur: AFP<br \/>\n<a href=\"https:\/\/www.journalducameroun.com\/fr\/attentats-au-sri-lanka-le-croque-mort-de-colombo-narrete-pas-de-creuser\/\">Cliquez ici pour lire l&rsquo;article depuis sa source.<\/a><\/p>\n","protected":false},"excerpt":{"rendered":"<p>Publi\u00e9 le 23.04.2019 \u00e0 20h50 par AFP Piyasri Gunasena n\u2019a jamais \u00e9t\u00e9 autant occup\u00e9, m\u00eame aux pires moments de la guerre civile qui a d\u00e9chir\u00e9 le Sri Lanka pendant des d\u00e9cennies. D\u2019habitude, le fossoyeur du cimeti\u00e8re de Madampitiya, \u00e0 Colombo, creuse une tombe chaque jour, rarement plus. Et puis il coupe un peu de gazon, [&hellip;]<\/p>\n","protected":false},"author":1965,"featured_media":0,"comment_status":"closed","ping_status":"closed","sticky":false,"template":"","format":"standard","meta":{"fifu_image_url":"","fifu_image_alt":"","footnotes":""},"categories":[73,82],"tags":[],"class_list":["post-29705","post","type-post","status-publish","format-standard","hentry","category-actualite","category-cameroun"],"_links":{"self":[{"href":"https:\/\/linitiative.ca\/International\/wp-json\/wp\/v2\/posts\/29705","targetHints":{"allow":["GET"]}}],"collection":[{"href":"https:\/\/linitiative.ca\/International\/wp-json\/wp\/v2\/posts"}],"about":[{"href":"https:\/\/linitiative.ca\/International\/wp-json\/wp\/v2\/types\/post"}],"author":[{"embeddable":true,"href":"https:\/\/linitiative.ca\/International\/wp-json\/wp\/v2\/users\/1965"}],"replies":[{"embeddable":true,"href":"https:\/\/linitiative.ca\/International\/wp-json\/wp\/v2\/comments?post=29705"}],"version-history":[{"count":0,"href":"https:\/\/linitiative.ca\/International\/wp-json\/wp\/v2\/posts\/29705\/revisions"}],"wp:attachment":[{"href":"https:\/\/linitiative.ca\/International\/wp-json\/wp\/v2\/media?parent=29705"}],"wp:term":[{"taxonomy":"category","embeddable":true,"href":"https:\/\/linitiative.ca\/International\/wp-json\/wp\/v2\/categories?post=29705"},{"taxonomy":"post_tag","embeddable":true,"href":"https:\/\/linitiative.ca\/International\/wp-json\/wp\/v2\/tags?post=29705"}],"curies":[{"name":"wp","href":"https:\/\/api.w.org\/{rel}","templated":true}]}}