{"id":29706,"date":"2019-04-23T15:50:06","date_gmt":"2019-04-23T19:50:06","guid":{"rendered":"https:\/\/linitiative.ca\/International\/referendum-en-egypte-la-revision-constitutionnelle-prolongeant-la-presidence-sissi-approuvee-a-8883\/"},"modified":"2019-04-23T15:50:06","modified_gmt":"2019-04-23T19:50:06","slug":"referendum-en-egypte-la-revision-constitutionnelle-prolongeant-la-presidence-sissi-approuvee-a-8883","status":"publish","type":"post","link":"https:\/\/linitiative.ca\/International\/referendum-en-egypte-la-revision-constitutionnelle-prolongeant-la-presidence-sissi-approuvee-a-8883\/","title":{"rendered":"R\u00e9f\u00e9rendum en Egypte: la r\u00e9vision constitutionnelle prolongeant la pr\u00e9sidence Sissi approuv\u00e9e \u00e0 88,83%"},"content":{"rendered":"<div readability=\"32\">\n<p>Publi\u00e9 le 23.04.2019 \u00e0 20h50 par AFP<\/p>\n<\/div>\n<div readability=\"93\">\n<p>La r\u00e9vision constitutionnelle controvers\u00e9e permettant la prolongation de la pr\u00e9sidence d\u2019Abdel Fattah al-Sissi, et qui renforce ses pouvoirs et ceux de l\u2019arm\u00e9e \u00e9gyptienne, a \u00e9t\u00e9 approuv\u00e9e par r\u00e9f\u00e9rendum \u00e0 88,83%, a annonc\u00e9 mardi l\u2019Autorit\u00e9 nationale des \u00e9lections.<\/p>\n<p>Le pr\u00e9sident de cet organisme, Lachine Ibrahim, a pr\u00e9cis\u00e9 lors d\u2019une conf\u00e9rence de presse au Caire que 11,17% des \u00e9lecteurs \u00ab\u00a0se sont prononc\u00e9s contre\u00a0\u00bb cette r\u00e9forme et que \u00ab\u00a0le taux de participation (\u2026) a atteint 44,33%\u00a0\u00bb.<\/p>\n<p>Les Egyptiens ont vot\u00e9 du samedi 20 au lundi 22 pour ou contre la modification de plusieurs articles de la Constitution qui limitait notamment la pr\u00e9sidence \u00e0 deux mandats cons\u00e9cutifs de quatre ans.<\/p>\n<p>M. Ibrahim a insist\u00e9 sur le caract\u00e8re \u00ab\u00a0d\u00e9mocratique\u00a0\u00bb du scrutin. Mais le r\u00e9f\u00e9rendum a \u00e9t\u00e9 organis\u00e9 en un temps record, quatre jours apr\u00e8s un vote au parlement, et sans v\u00e9ritable d\u00e9bat de fond sur les enjeux de la r\u00e9forme.<\/p>\n<p>L\u2019opposition et les ONG de d\u00e9fense des droits de l\u2019homme, qui ont d\u00e9nonc\u00e9 un renforcement de \u00ab\u00a0l\u2019autoritarisme\u00a0\u00bb du r\u00e9gime, ont \u00e9t\u00e9 \u00e9cart\u00e9s des grands m\u00e9dias, tous \u00e9troitement contr\u00f4l\u00e9s par l\u2019Etat.<\/p>\n<p><ins data-revive-zoneid=\"9\" data-revive-id=\"10111e19d28d19d031742ee3b0b33eb0\"\/> <\/p>\n<p>La r\u00e9vision constitutionnelle permet de faire passer le deuxi\u00e8me mandat de M. Sissi de quatre \u00e0 six ans, portant son terme \u00e0 2024. L\u2019ex-mar\u00e9chal pourra se repr\u00e9senter \u00e0 un troisi\u00e8me mandat, de six ans, lors de l\u2019\u00e9lection de 2024.<\/p>\n<p>Depuis l\u2019arriv\u00e9e au pouvoir de M. Sissi en 2014, les ONG d\u00e9noncent les nombreux proc\u00e8s contre des voix dissidentes, la hausse des condamnations \u00e0 mort ainsi que le musellement de la presse. Le pouvoir nie syst\u00e9matiquement ces accusations, insistant sur \u00ab\u00a0la stabilit\u00e9\u00a0\u00bb et \u00ab\u00a0la lutte antiterroriste\u00a0\u00bb dans ce pays situ\u00e9 au coeur d\u2019une r\u00e9gion sensible.<\/p>\n<p>L\u2019ex-mar\u00e9chal Sissi a \u00e9t\u00e9 \u00e9lu pr\u00e9sident en 2014 avec 96,9% des voix, un an apr\u00e8s avoir renvers\u00e9 avec l\u2019arm\u00e9e, \u00e0 la faveur d\u2019un mouvement populaire, le pr\u00e9sident islamiste Mohamed Morsi. Il a \u00e9t\u00e9 r\u00e9\u00e9lu en 2018 \u00e0 97,08%.<\/p>\n<p>Au-del\u00e0 de la prolongation de sa pr\u00e9sidence, la r\u00e9vision constitutionnelle permet d\u2019accro\u00eetre son contr\u00f4le sur le syst\u00e8me judiciaire. Elle octroie \u00e9galement un pouvoir politique \u00e0 l\u2019arm\u00e9e, pilier du r\u00e9gime de M. Sissi.<\/p>\n<\/div>\n<p>Auteur: AFP<br \/>\n<a href=\"https:\/\/www.journalducameroun.com\/fr\/referendum-en-egypte-la-revision-constitutionnelle-prolongeant-la-presidence-sissi-approuvee-a-8883\/\">Cliquez ici pour lire l&rsquo;article depuis sa source.<\/a><\/p>\n","protected":false},"excerpt":{"rendered":"<p>Publi\u00e9 le 23.04.2019 \u00e0 20h50 par AFP La r\u00e9vision constitutionnelle controvers\u00e9e permettant la prolongation de la pr\u00e9sidence d\u2019Abdel Fattah al-Sissi, et qui renforce ses pouvoirs et ceux de l\u2019arm\u00e9e \u00e9gyptienne, a \u00e9t\u00e9 approuv\u00e9e par r\u00e9f\u00e9rendum \u00e0 88,83%, a annonc\u00e9 mardi l\u2019Autorit\u00e9 nationale des \u00e9lections. Le pr\u00e9sident de cet organisme, Lachine Ibrahim, a pr\u00e9cis\u00e9 lors d\u2019une [&hellip;]<\/p>\n","protected":false},"author":1965,"featured_media":0,"comment_status":"closed","ping_status":"closed","sticky":false,"template":"","format":"standard","meta":{"fifu_image_url":"","fifu_image_alt":"","footnotes":""},"categories":[73,82],"tags":[],"class_list":["post-29706","post","type-post","status-publish","format-standard","hentry","category-actualite","category-cameroun"],"_links":{"self":[{"href":"https:\/\/linitiative.ca\/International\/wp-json\/wp\/v2\/posts\/29706","targetHints":{"allow":["GET"]}}],"collection":[{"href":"https:\/\/linitiative.ca\/International\/wp-json\/wp\/v2\/posts"}],"about":[{"href":"https:\/\/linitiative.ca\/International\/wp-json\/wp\/v2\/types\/post"}],"author":[{"embeddable":true,"href":"https:\/\/linitiative.ca\/International\/wp-json\/wp\/v2\/users\/1965"}],"replies":[{"embeddable":true,"href":"https:\/\/linitiative.ca\/International\/wp-json\/wp\/v2\/comments?post=29706"}],"version-history":[{"count":0,"href":"https:\/\/linitiative.ca\/International\/wp-json\/wp\/v2\/posts\/29706\/revisions"}],"wp:attachment":[{"href":"https:\/\/linitiative.ca\/International\/wp-json\/wp\/v2\/media?parent=29706"}],"wp:term":[{"taxonomy":"category","embeddable":true,"href":"https:\/\/linitiative.ca\/International\/wp-json\/wp\/v2\/categories?post=29706"},{"taxonomy":"post_tag","embeddable":true,"href":"https:\/\/linitiative.ca\/International\/wp-json\/wp\/v2\/tags?post=29706"}],"curies":[{"name":"wp","href":"https:\/\/api.w.org\/{rel}","templated":true}]}}