{"id":29708,"date":"2019-04-23T17:18:03","date_gmt":"2019-04-23T21:18:03","guid":{"rendered":"https:\/\/linitiative.ca\/International\/le-rwanda-et-le-qatar-signent-plusieurs-accords-bilateraux\/"},"modified":"2019-04-23T17:18:03","modified_gmt":"2019-04-23T21:18:03","slug":"le-rwanda-et-le-qatar-signent-plusieurs-accords-bilateraux","status":"publish","type":"post","link":"https:\/\/linitiative.ca\/International\/le-rwanda-et-le-qatar-signent-plusieurs-accords-bilateraux\/","title":{"rendered":"Le Rwanda et le Qatar signent plusieurs accords bilat\u00e9raux"},"content":{"rendered":"<div readability=\"32\">\n<p>Publi\u00e9 le 23.04.2019 \u00e0 22h18 par APA News<\/p>\n<\/div>\n<div readability=\"54\">\n<p>L\u2019Emir du Qatar, Cheikh Tamim bin Hamad Al Thani, a conclu mardi une visite de trois jours au Rwanda.Au cours de la visite, le Rwanda et le Qatar ont sign\u00e9 quatre accords de coop\u00e9ration concernant quatre secteurs, \u00e0 savoir la culture, le sport, le tourisme et les \u00e9v\u00e9nements d\u2019affaires, l\u2019aviation et la logistique.<\/p>\n<p>Cette visite fait suite \u00e0 celle du pr\u00e9sident rwandais, Paul Kagam\u00e9 au Qatar en novembre 2018, lors de laquelle les deux pays avaient sign\u00e9 une s\u00e9rie d\u2019accords sur l\u2019acc\u00e9l\u00e9ration de la coop\u00e9ration \u00e9conomique.<\/p>\n<p><ins data-revive-zoneid=\"9\" data-revive-id=\"10111e19d28d19d031742ee3b0b33eb0\"\/> <\/p>\n<p>En mars de cette 2019, le Vice-Premier ministre qatari, Cheikh Mohamed bin Abdulrahman Al Thani a rendu une visite de courtoisie \u00e0 son homologue rwandais et leurs discussions ont port\u00e9 sur la meilleure mani\u00e8re de renforcer la coop\u00e9ration bilat\u00e9rale.<\/p>\n<\/div>\n<p>Auteur: APA News<br \/>\n<a href=\"https:\/\/www.journalducameroun.com\/fr\/le-rwanda-et-le-qatar-signent-plusieurs-accords-bilateraux\/\">Cliquez ici pour lire l&rsquo;article depuis sa source.<\/a><\/p>\n","protected":false},"excerpt":{"rendered":"<p>Publi\u00e9 le 23.04.2019 \u00e0 22h18 par APA News L\u2019Emir du Qatar, Cheikh Tamim bin Hamad Al Thani, a conclu mardi une visite de trois jours au Rwanda.Au cours de la visite, le Rwanda et le Qatar ont sign\u00e9 quatre accords de coop\u00e9ration concernant quatre secteurs, \u00e0 savoir la culture, le sport, le tourisme et les [&hellip;]<\/p>\n","protected":false},"author":1965,"featured_media":0,"comment_status":"closed","ping_status":"closed","sticky":false,"template":"","format":"standard","meta":{"fifu_image_url":"","fifu_image_alt":"","footnotes":""},"categories":[73,82],"tags":[],"class_list":["post-29708","post","type-post","status-publish","format-standard","hentry","category-actualite","category-cameroun"],"_links":{"self":[{"href":"https:\/\/linitiative.ca\/International\/wp-json\/wp\/v2\/posts\/29708","targetHints":{"allow":["GET"]}}],"collection":[{"href":"https:\/\/linitiative.ca\/International\/wp-json\/wp\/v2\/posts"}],"about":[{"href":"https:\/\/linitiative.ca\/International\/wp-json\/wp\/v2\/types\/post"}],"author":[{"embeddable":true,"href":"https:\/\/linitiative.ca\/International\/wp-json\/wp\/v2\/users\/1965"}],"replies":[{"embeddable":true,"href":"https:\/\/linitiative.ca\/International\/wp-json\/wp\/v2\/comments?post=29708"}],"version-history":[{"count":0,"href":"https:\/\/linitiative.ca\/International\/wp-json\/wp\/v2\/posts\/29708\/revisions"}],"wp:attachment":[{"href":"https:\/\/linitiative.ca\/International\/wp-json\/wp\/v2\/media?parent=29708"}],"wp:term":[{"taxonomy":"category","embeddable":true,"href":"https:\/\/linitiative.ca\/International\/wp-json\/wp\/v2\/categories?post=29708"},{"taxonomy":"post_tag","embeddable":true,"href":"https:\/\/linitiative.ca\/International\/wp-json\/wp\/v2\/tags?post=29708"}],"curies":[{"name":"wp","href":"https:\/\/api.w.org\/{rel}","templated":true}]}}