{"id":29732,"date":"2019-04-23T07:04:53","date_gmt":"2019-04-23T11:04:53","guid":{"rendered":"https:\/\/linitiative.ca\/International\/immeuble-siege-de-la-caa-une-facture-de-14-milliards-fcfa-bloquee-depuis-5-ans\/"},"modified":"2019-04-23T07:04:53","modified_gmt":"2019-04-23T11:04:53","slug":"immeuble-siege-de-la-caa-une-facture-de-14-milliards-fcfa-bloquee-depuis-5-ans","status":"publish","type":"post","link":"https:\/\/linitiative.ca\/International\/immeuble-siege-de-la-caa-une-facture-de-14-milliards-fcfa-bloquee-depuis-5-ans\/","title":{"rendered":"Immeuble si\u00e8ge de la CAA: une facture de 14 milliards Fcfa bloqu\u00e9e depuis 5 ans"},"content":{"rendered":"<p class=\"yiv2482508352ydpcbe7dd4dMsoNoSpacing\">Le nouvel immeuble si\u00e8ge de la <strong>Caisse autonome d\u2019amortissement (Caa)<\/strong>, le gestionnaire des fonds d\u2019emprunts publics de l\u2019Etat, des organismes publics, parapublics et de ses correspondants, construit sur le Boulevard du 20 mai \u00e0 Yaound\u00e9, est pr\u00eat depuis plus de cinq ans et occup\u00e9 depuis deux ans. Mais, <strong>Construcciones Galdiano SA<\/strong>, l\u2019entreprise qui a r\u00e9alis\u00e9 les travaux de ce joyau architectural n\u2019a toujours pas \u00e9t\u00e9 pay\u00e9e. La raison\u00a0? D\u2019interminables batailles entre deux Espagnols qui revendique chacun la paternit\u00e9 de l\u2019entreprise. Il s\u2019agit des nomm\u00e9s <strong>Francisco Javier Galdiano Garcia<\/strong> et de <strong>Juan Azor Mohedano<\/strong>. Depuis le 20 novembre 2014, le tribunal de premi\u00e8re instance (Tgi) de Yaound\u00e9-centre administratif avait bloqu\u00e9 le compte de cette soci\u00e9t\u00e9, ouvert dans les livres d\u2019Afriland First Bank et dans lequel le gouvernement du Cameroun devait d\u00e9poser <strong>14 milliards Fcfa<\/strong> repr\u00e9sentant le reste du montant du financement du projet.<\/p>\n<p class=\"yiv2482508352ydpcbe7dd4dMsoNoSpacing\">Il faut pr\u00e9ciser que l\u2019enveloppe globale du projet \u00e9tait de <strong>17 milliards Fcfa.<\/strong> Le groupement <strong>Cauduc\/Egis Cameroun<\/strong>, le premier adjudicataire du march\u00e9 de construction de l\u2019immeuble si\u00e8ge de la Caa dont le contrat avait \u00e9t\u00e9 r\u00e9sili\u00e9, avait per\u00e7u une avance de <strong>3 milliards Fcfa<\/strong>. Ce 24 avril, la juridiction cit\u00e9e supra statuera sur une demande de r\u00e9f\u00e9r\u00e9 d\u2019heure en heure introduite par sieur <strong>Azor Mohedano.<\/strong><\/p>\n<p class=\"yiv2482508352ydpcbe7dd4dMsoNoSpacing\">Cette requ\u00eate consult\u00e9e par l\u2019<strong>hebdomadaire d\u2019informations judiciaire Kalara<\/strong>, renseigne en substance qu\u2019au moment o\u00f9 l\u2019entreprise Construccionnes Galdiano gagne le march\u00e9, en 2011, \u00a0son dirigeant est Francisco Javier Galdiano Garcia. Confront\u00e9e \u00e0 des difficult\u00e9s financi\u00e8res qui font planer le spectre d\u2019une faillite,\u00a0 ce dernier d\u00e9cidera de c\u00e9der \u00ab<em>l\u2019universalit\u00e9 des actions, avoirs et droits du groupe Galdiano<\/em>\u00bb \u00e0 <strong>Innavazor Constructions And Logistics<\/strong>, propri\u00e9t\u00e9 de Azor Mohedano. La transaction a lieu en Espagne, et Azor Mohedano est d\u00e9sign\u00e9 comme seul et unique propri\u00e9taire de l\u2019entreprise.<\/p>\n<p class=\"yiv2482508352ydpcbe7dd4dMsoNoSpacing\">Le 17 mai 2014, l\u2019acte de vente est d\u00e9pos\u00e9\u00a0 au niveau de l\u2019\u00e9tude <strong>Mboudou Ahanda, Nguni Messina et Kwa Mbete<\/strong>, notaires \u00e9tablis \u00e0 Yaound\u00e9. Coup de th\u00e9\u00e2tre, unilat\u00e9ralement, sieur Galdiano r\u00e9ussira \u00e0 obtenir la r\u00e9siliation du contrat de vente en Espagne, gr\u00e2ce \u00e0 une procuration qui lui permet d\u2019agir au nom de la soci\u00e9t\u00e9 Innovazor. Puis une ordonnance d\u2019ex\u00e9quatur qui rend ex\u00e9cutoires l\u2019acte de la justice espagnole au Cameroun.<\/p>\n<p class=\"yiv2482508352ydpcbe7dd4dMsoNoSpacing\">Azor Mohedano avait obtenu, en 2016, l\u2019annulation de l\u2019acte notari\u00e9 r\u00e9siliant l\u2019acte de vente du groupe Galdiano. Mais, la justice espagnole n\u2019a pas rendu son verdict, \u00e0 la suite de l\u2019appel interjet\u00e9 par Javier Galdiano Garcia. Sur place au Cameroun, la Cour supr\u00eame a \u00e9t\u00e9 saisie par Azor Mohedano, et l\u2019affaire est pendante de ce c\u00f4t\u00e9-l\u00e0.<\/p>\n<div class=\"awac-wrapper awac widget blog_subscription-2\">\n<h4 class=\"widget-title\">Abonnez-vous \u00e0 notre lettre d&rsquo;information<\/h4>\n<\/div>\n<p>Auteur: Emile FIDIECK<br \/>\n<a href=\"https:\/\/ecomatin.net\/immeuble-siege-de-la-caa-une-facture-de-14-milliards-fcfa-bloquee-depuis-5-ans\/\">Cliquez ici pour lire l&rsquo;article depuis sa source.<\/a><\/p>\n","protected":false},"excerpt":{"rendered":"<p>Le nouvel immeuble si\u00e8ge de la Caisse autonome d\u2019amortissement (Caa), le gestionnaire des fonds d\u2019emprunts publics de l\u2019Etat, des organismes publics, parapublics et de ses correspondants, construit sur le Boulevard du 20 mai \u00e0 Yaound\u00e9, est pr\u00eat depuis plus de cinq ans et occup\u00e9 depuis deux ans. Mais, Construcciones Galdiano SA, l\u2019entreprise qui a r\u00e9alis\u00e9 [&hellip;]<\/p>\n","protected":false},"author":1969,"featured_media":0,"comment_status":"closed","ping_status":"closed","sticky":false,"template":"","format":"standard","meta":{"fifu_image_url":"","fifu_image_alt":"","footnotes":""},"categories":[82,78],"tags":[],"class_list":["post-29732","post","type-post","status-publish","format-standard","hentry","category-cameroun","category-economie"],"_links":{"self":[{"href":"https:\/\/linitiative.ca\/International\/wp-json\/wp\/v2\/posts\/29732","targetHints":{"allow":["GET"]}}],"collection":[{"href":"https:\/\/linitiative.ca\/International\/wp-json\/wp\/v2\/posts"}],"about":[{"href":"https:\/\/linitiative.ca\/International\/wp-json\/wp\/v2\/types\/post"}],"author":[{"embeddable":true,"href":"https:\/\/linitiative.ca\/International\/wp-json\/wp\/v2\/users\/1969"}],"replies":[{"embeddable":true,"href":"https:\/\/linitiative.ca\/International\/wp-json\/wp\/v2\/comments?post=29732"}],"version-history":[{"count":0,"href":"https:\/\/linitiative.ca\/International\/wp-json\/wp\/v2\/posts\/29732\/revisions"}],"wp:attachment":[{"href":"https:\/\/linitiative.ca\/International\/wp-json\/wp\/v2\/media?parent=29732"}],"wp:term":[{"taxonomy":"category","embeddable":true,"href":"https:\/\/linitiative.ca\/International\/wp-json\/wp\/v2\/categories?post=29732"},{"taxonomy":"post_tag","embeddable":true,"href":"https:\/\/linitiative.ca\/International\/wp-json\/wp\/v2\/tags?post=29732"}],"curies":[{"name":"wp","href":"https:\/\/api.w.org\/{rel}","templated":true}]}}