{"id":29736,"date":"2019-04-23T11:28:38","date_gmt":"2019-04-23T15:28:38","guid":{"rendered":"https:\/\/linitiative.ca\/International\/developpement-agricole-tree-global-envisage-la-creation-dune-pepiniere-semenciere-au-cameroun\/"},"modified":"2019-04-23T11:28:38","modified_gmt":"2019-04-23T15:28:38","slug":"developpement-agricole-tree-global-envisage-la-creation-dune-pepiniere-semenciere-au-cameroun","status":"publish","type":"post","link":"https:\/\/linitiative.ca\/International\/developpement-agricole-tree-global-envisage-la-creation-dune-pepiniere-semenciere-au-cameroun\/","title":{"rendered":"D\u00e9veloppement agricole:  Tree Global envisage la cr\u00e9ation d\u2019une p\u00e9pini\u00e8re semenci\u00e8re au Cameroun"},"content":{"rendered":"<div class=\"featured-area featured-area-inner\"><img loading=\"lazy\" decoding=\"async\" width=\"780\" height=\"405\" src=\"https:\/\/i1.wp.com\/ecomatin.net\/wp-content\/uploads\/2019\/04\/ecomatin.net-developpement-agricole-tree-global-envisage-la-creation-dune-pepiniere-semenciere-au-cameroun-img-20190417-wa0020.jpg?resize=780%2C405&#038;ssl=1&#038;is-pending-load=1\" class=\"attachment-jannah-image-post size-jannah-image-post wp-post-image jetpack-lazy-image\" alt=\"\" data-attachment-id=\"7553\" data-permalink=\"https:\/\/ecomatin.net\/developpement-agricole-tree-global-envisage-la-creation-dune-pepiniere-semenciere-au-cameroun\/img-20190417-wa0020\/\" data-orig-file=\"https:\/\/i1.wp.com\/ecomatin.net\/wp-content\/uploads\/2019\/04\/ecomatin.net-developpement-agricole-tree-global-envisage-la-creation-dune-pepiniere-semenciere-au-cameroun-img-20190417-wa0020.jpg?fit=1080%2C718&#038;ssl=1\" data-orig-size=\"1080,718\" data-comments-opened=\"0\" data-image-meta=\"{\"aperture\":\"0\",\"credit\":\"\",\"camera\":\"\",\"caption\":\"\",\"created_timestamp\":\"0\",\"copyright\":\"\",\"focal_length\":\"0\",\"iso\":\"0\",\"shutter_speed\":\"0\",\"title\":\"\",\"orientation\":\"0\"}\" data-image-title=\"IMG-20190417-WA0020\" data-image-description=\"\" data-medium-file=\"https:\/\/i1.wp.com\/ecomatin.net\/wp-content\/uploads\/2019\/04\/ecomatin.net-developpement-agricole-tree-global-envisage-la-creation-dune-pepiniere-semenciere-au-cameroun-img-20190417-wa0020.jpg?fit=300%2C199&#038;ssl=1\" data-large-file=\"https:\/\/i1.wp.com\/ecomatin.net\/wp-content\/uploads\/2019\/04\/ecomatin.net-developpement-agricole-tree-global-envisage-la-creation-dune-pepiniere-semenciere-au-cameroun-img-20190417-wa0020.jpg?fit=1024%2C681&#038;ssl=1\" srcset=\"data:image\/gif;base64,R0lGODlhAQABAIAAAAAAAP\/\/\/yH5BAEAAAAALAAAAAABAAEAAAIBRAA7\"\/><\/div>\n<div class=\"entry-content entry clearfix\" readability=\"59.9258804259\">\n<p>La soci\u00e9t\u00e9 suisse <strong>Tree Global<\/strong> veut accro\u00eetre l\u2019offre en semence au Cameroun. A cet effet, elle a manifest\u00e9 son int\u00e9r\u00eat par la signature mercredi 17 avril 2019 d\u2019un m\u00e9morandum d\u2019entente (<strong>MoU<\/strong>) avec l\u2019Etat repr\u00e9sent\u00e9 par le minist\u00e8re de l\u2019Economie, de la Planification et de l\u2019am\u00e9nagement du territoire (<strong>Minepat<\/strong>). Devant le ministre de l\u2019Agriculture et du d\u00e9veloppement durable,\u00a0 et du pr\u00e9sident du Conseil d\u2019appui \u00e0 la r\u00e9alisation des contrats de partenariats,\u00a0 la soci\u00e9t\u00e9 suisse s\u2019engage \u00e0 fournir dans les prochaines ann\u00e9es\u00a0 des semences de qualit\u00e9. D\u2019autant plus que souligne <em>Alamine Ousmane Mey<\/em> \u00ab <em>les semences constituent, avec les engrais min\u00e9raux et les produits phytosanitaires, les postes les plus importants des charges op\u00e9rationnelles de production<\/em> \u00bb.<\/p>\n<p>Le MoU d\u2019entente sign\u00e9 est relatif \u00e0 la r\u00e9alisation des \u00e9tudes de faisabilit\u00e9 devant d\u00e9boucher sur la conclusion d\u2019un contrat de partenariat public-priv\u00e9 pour la mise en place d\u2019un syst\u00e8me industriel de p\u00e9pini\u00e8res de haut rendement au Cameroun. Ce projet de cr\u00e9ation d\u2019un syst\u00e8me de semence s\u2019inscrit en droite ligne des orientations de la strat\u00e9gie nationale de d\u00e9veloppement du secteur rural. Il vise globalement, \u00e0 accro\u00eetre l\u2019offre en semences de qualit\u00e9, pr\u00e9alable \u00e0 la modernisation et \u00e0 la relance de la production agricole.<\/p>\n<p>Tree Global avait saisi le gouvernement en 2018 pour lui signifier sa volont\u00e9 de mener \u00e0 bien son projet.\u00a0 Ceci via la cr\u00e9ation d\u2019une soci\u00e9t\u00e9 d\u00e9nomm\u00e9e \u00ab <strong><em><u>Cameroon Seedling company<\/u><\/em><\/strong> \u00bb dont la mission consistera \u00e0 g\u00e9rer un syst\u00e8me de p\u00e9pini\u00e8res de pointe pouvant produire <strong>50 millions<\/strong> de semences par an. Ceci au sein de <strong>05 p\u00e9pini\u00e8res<\/strong> centrales \u00e0 grande \u00e9chelle. Ce syst\u00e8me comportera \u00e9galement un r\u00e9seau de centres locaux de distribution de semences, charge de l\u2019exp\u00e9dition de semences aux communaut\u00e9s.<\/p>\n<p>C\u00f4t\u00e9 gouvernement,\u00a0 la question semenci\u00e8re est fondamentale pour l\u2019agriculture et appara\u00eet\u00a0 comme l\u2019une des insuffisances dans le d\u00e9veloppement agricole.\u00a0 Les besoins en la mati\u00e8re pour notre pays se situent \u00e0 plus de <strong>200 milliards,<\/strong> selon les estimations du minist\u00e8re de l\u2019Agriculture et du d\u00e9veloppement rural en 2017.<\/p>\n<div class=\"about-author about-author-box container-wrapper\">\n<div class=\"author-avatar\">\n<p><img decoding=\"async\" src=\"http:\/\/\" alt=\"\"\/><\/p>\n<\/div>\n<p><h4>La R\u00e9daction EcoMatin<\/h4>\n<\/p>\n<\/div>\n<div class=\"awac-wrapper awac widget blog_subscription-2\">\n<h4 class=\"widget-title\">Abonnez-vous \u00e0 notre lettre d&rsquo;information<\/h4>\n<\/div>\n<\/div>\n<div class=\"toggle-post-content clearfix\"><a id=\"toggle-post-button\" class=\"button\" href=\"#\">Afficher plus <\/a><\/div>\n<p>Auteur: EcoMatin<br \/>\n<a href=\"https:\/\/ecomatin.net\/developpement-agricole-tree-global-envisage-la-creation-dune-pepiniere-semenciere-au-cameroun\/\">Cliquez ici pour lire l&rsquo;article depuis sa source.<\/a><\/p>\n","protected":false},"excerpt":{"rendered":"<p>La soci\u00e9t\u00e9 suisse Tree Global veut accro\u00eetre l\u2019offre en semence au Cameroun. A cet effet, elle a manifest\u00e9 son int\u00e9r\u00eat par la signature mercredi 17 avril 2019 d\u2019un m\u00e9morandum d\u2019entente (MoU) avec l\u2019Etat repr\u00e9sent\u00e9 par le minist\u00e8re de l\u2019Economie, de la Planification et de l\u2019am\u00e9nagement du territoire (Minepat). Devant le ministre de l\u2019Agriculture et du [&hellip;]<\/p>\n","protected":false},"author":1969,"featured_media":0,"comment_status":"closed","ping_status":"closed","sticky":false,"template":"","format":"standard","meta":{"fifu_image_url":"","fifu_image_alt":"","footnotes":""},"categories":[82,78],"tags":[],"class_list":["post-29736","post","type-post","status-publish","format-standard","hentry","category-cameroun","category-economie"],"_links":{"self":[{"href":"https:\/\/linitiative.ca\/International\/wp-json\/wp\/v2\/posts\/29736","targetHints":{"allow":["GET"]}}],"collection":[{"href":"https:\/\/linitiative.ca\/International\/wp-json\/wp\/v2\/posts"}],"about":[{"href":"https:\/\/linitiative.ca\/International\/wp-json\/wp\/v2\/types\/post"}],"author":[{"embeddable":true,"href":"https:\/\/linitiative.ca\/International\/wp-json\/wp\/v2\/users\/1969"}],"replies":[{"embeddable":true,"href":"https:\/\/linitiative.ca\/International\/wp-json\/wp\/v2\/comments?post=29736"}],"version-history":[{"count":0,"href":"https:\/\/linitiative.ca\/International\/wp-json\/wp\/v2\/posts\/29736\/revisions"}],"wp:attachment":[{"href":"https:\/\/linitiative.ca\/International\/wp-json\/wp\/v2\/media?parent=29736"}],"wp:term":[{"taxonomy":"category","embeddable":true,"href":"https:\/\/linitiative.ca\/International\/wp-json\/wp\/v2\/categories?post=29736"},{"taxonomy":"post_tag","embeddable":true,"href":"https:\/\/linitiative.ca\/International\/wp-json\/wp\/v2\/tags?post=29736"}],"curies":[{"name":"wp","href":"https:\/\/api.w.org\/{rel}","templated":true}]}}