{"id":29737,"date":"2019-04-23T14:43:54","date_gmt":"2019-04-23T18:43:54","guid":{"rendered":"https:\/\/linitiative.ca\/International\/assurance-saham-et-gmc-augmentent-leur-capital\/"},"modified":"2019-04-23T14:43:54","modified_gmt":"2019-04-23T18:43:54","slug":"assurance-saham-et-gmc-augmentent-leur-capital","status":"publish","type":"post","link":"https:\/\/linitiative.ca\/International\/assurance-saham-et-gmc-augmentent-leur-capital\/","title":{"rendered":"Assurance : Saham et GMC augmentent leur capital"},"content":{"rendered":"<p>Quelques changements majeurs sont attendus au mois de mai 2019 au sein de la compagnie d\u2019assurance <strong>Saham Life Insurance Cameroon<\/strong>. En effet, les actionnaires de cette soci\u00e9t\u00e9 d\u00e9sormais sud-africaine \u00e0 travers le <strong>groupe<\/strong> <strong>Sanlam<\/strong>, sont convoqu\u00e9s \u00e0 une assembl\u00e9e g\u00e9n\u00e9rale extraordinaire le 6 mai prochain \u00e0 Douala, la capitale \u00e9conomique du Cameroun, pour d\u00e9lib\u00e9rer sur plusieurs points dont, l\u2019augmentation du capital social \u00e0 <strong>3,12 milliards FCFA<\/strong>. Jusqu\u2019ici, ce capital \u00e9tait de <strong>1,37 milliard FCFA<\/strong>. Soit une hausse <strong>de 1,75 milliard FCFA<\/strong>. Au cours des travaux \u00e0 Douala, le conseil d\u2019administration pr\u00e9voit de supprimer le droit pr\u00e9f\u00e9rentiel de souscription des actionnaires au moment de l\u2019augmentation du capital, afin de faciliter l\u2019entr\u00e9e de nouveaux actionnaires, dont le groupe Sanlam. Il sera \u00e9galement question au cours de cette assembl\u00e9e g\u00e9n\u00e9rale extraordinaire, de modifier les statuts de la soci\u00e9t\u00e9 d\u2019assurance.<\/p>\n<p>Originellement connue sous le nom de \u00ab<strong>Compagnie nationale d\u2019assurances<\/strong>\u00bb, puis \u00ab<strong>La Citoyenne Assurance<\/strong>\u00bb, ensuite \u00ab<strong>Colina<\/strong>\u00bb (2008), et enfin \u00ab<strong>Saham Assurance Cameroun<\/strong>\u00bb (2014), la soci\u00e9t\u00e9 d\u2019assurances fond\u00e9e par le Camerounais <strong>Protais Ayangma<\/strong> est devenu officiellement sud-africaine le 9 octobre 2018.<\/p>\n<p>Pour sa part, au cours de son assembl\u00e9e g\u00e9n\u00e9rale extraordinaire du 30 janvier, la compagnie d\u2019assurances Garantie mutuelle des cadres (<strong>GMC S.A<\/strong>), sous la pr\u00e9sidence de <strong>Jean Perrial Nyodog<\/strong>, a d\u00e9cid\u00e9 de proc\u00e9der \u00e0 l\u2019augmentation de son capital social.Selon le conseil d\u2019administration, ce capital va conna\u00eetre une inflation de <strong>2,17 milliards<\/strong> \u00e0 <strong>3,08 milliards FCFA<\/strong>. Le prix d\u2019\u00e9mission des actions \u00e0 souscrire est fix\u00e9 \u00e0 <strong>70 000 FCFA<\/strong>.<\/p>\n<p>La date d\u2019ouverture de la souscription est fix\u00e9e au lundi 18 f\u00e9vrier 2019. La date de cl\u00f4ture de la souscription et de la lib\u00e9ration des actions \u00e9tait fix\u00e9e au jeudi 18 avril 2019.Cr\u00e9\u00e9e sous la forme d\u2019une mutuelle d\u2019assurance en 1990, GMC est devenue une soci\u00e9t\u00e9 anonyme en 2003 pour se conformer aux exigences de la Conf\u00e9rence interafricaine des march\u00e9s d\u2019assurance <strong>(CIMA<\/strong>), le r\u00e9gulateur r\u00e9gional (Afrique centrale et de l\u2019Ouest), avec un capital social de <strong>1,139 milliard FCFA.<\/strong><\/p>\n<div class=\"about-author about-author-box container-wrapper\">\n<div class=\"author-avatar\">\n<p><img decoding=\"async\" src=\"http:\/\/\" alt=\"\"\/><\/p>\n<\/div>\n<p><h4>La R\u00e9daction EcoMatin<\/h4>\n<\/p>\n<\/div>\n<div class=\"awac-wrapper awac widget blog_subscription-2\">\n<h4 class=\"widget-title\">Abonnez-vous \u00e0 notre lettre d&rsquo;information<\/h4>\n<\/div>\n<p>Auteur: EcoMatin<br \/>\n<a href=\"https:\/\/ecomatin.net\/assurance-saham-et-gmc-augmentent-leur-capital\/\">Cliquez ici pour lire l&rsquo;article depuis sa source.<\/a><\/p>\n","protected":false},"excerpt":{"rendered":"<p>Quelques changements majeurs sont attendus au mois de mai 2019 au sein de la compagnie d\u2019assurance Saham Life Insurance Cameroon. En effet, les actionnaires de cette soci\u00e9t\u00e9 d\u00e9sormais sud-africaine \u00e0 travers le groupe Sanlam, sont convoqu\u00e9s \u00e0 une assembl\u00e9e g\u00e9n\u00e9rale extraordinaire le 6 mai prochain \u00e0 Douala, la capitale \u00e9conomique du Cameroun, pour d\u00e9lib\u00e9rer sur [&hellip;]<\/p>\n","protected":false},"author":1969,"featured_media":0,"comment_status":"closed","ping_status":"closed","sticky":false,"template":"","format":"standard","meta":{"fifu_image_url":"","fifu_image_alt":"","footnotes":""},"categories":[82,78],"tags":[],"class_list":["post-29737","post","type-post","status-publish","format-standard","hentry","category-cameroun","category-economie"],"_links":{"self":[{"href":"https:\/\/linitiative.ca\/International\/wp-json\/wp\/v2\/posts\/29737","targetHints":{"allow":["GET"]}}],"collection":[{"href":"https:\/\/linitiative.ca\/International\/wp-json\/wp\/v2\/posts"}],"about":[{"href":"https:\/\/linitiative.ca\/International\/wp-json\/wp\/v2\/types\/post"}],"author":[{"embeddable":true,"href":"https:\/\/linitiative.ca\/International\/wp-json\/wp\/v2\/users\/1969"}],"replies":[{"embeddable":true,"href":"https:\/\/linitiative.ca\/International\/wp-json\/wp\/v2\/comments?post=29737"}],"version-history":[{"count":0,"href":"https:\/\/linitiative.ca\/International\/wp-json\/wp\/v2\/posts\/29737\/revisions"}],"wp:attachment":[{"href":"https:\/\/linitiative.ca\/International\/wp-json\/wp\/v2\/media?parent=29737"}],"wp:term":[{"taxonomy":"category","embeddable":true,"href":"https:\/\/linitiative.ca\/International\/wp-json\/wp\/v2\/categories?post=29737"},{"taxonomy":"post_tag","embeddable":true,"href":"https:\/\/linitiative.ca\/International\/wp-json\/wp\/v2\/tags?post=29737"}],"curies":[{"name":"wp","href":"https:\/\/api.w.org\/{rel}","templated":true}]}}