{"id":29740,"date":"2019-04-23T18:50:51","date_gmt":"2019-04-23T22:50:51","guid":{"rendered":"https:\/\/linitiative.ca\/International\/christophe-guilhou-nouvel-ambassadeur-de-france-au-cameroun\/"},"modified":"2019-04-23T18:50:51","modified_gmt":"2019-04-23T22:50:51","slug":"christophe-guilhou-nouvel-ambassadeur-de-france-au-cameroun","status":"publish","type":"post","link":"https:\/\/linitiative.ca\/International\/christophe-guilhou-nouvel-ambassadeur-de-france-au-cameroun\/","title":{"rendered":"Christophe Guilhou, nouvel ambassadeur de France au Cameroun"},"content":{"rendered":"<p><span class=\"c2\"><\/p>\n<p><img loading=\"lazy\" decoding=\"async\" data-attachment-id=\"7602\" data-permalink=\"https:\/\/ecomatin.net\/christophe-guilhou160419400\/\" data-orig-file=\"https:\/\/i0.wp.com\/ecomatin.net\/wp-content\/uploads\/2019\/04\/ecomatin.net-christophe-guilhou160419400.jpg?fit=400%2C400&#038;ssl=1\" data-orig-size=\"400,400\" data-comments-opened=\"0\" data-image-meta=\"{\"aperture\":\"0\",\"credit\":\"\",\"camera\":\"\",\"caption\":\"\",\"created_timestamp\":\"0\",\"copyright\":\"\",\"focal_length\":\"0\",\"iso\":\"0\",\"shutter_speed\":\"0\",\"title\":\"\",\"orientation\":\"0\"}\" data-image-title=\"Christophe-Guilhou160419400\" data-image-description=\"\" data-medium-file=\"https:\/\/i0.wp.com\/ecomatin.net\/wp-content\/uploads\/2019\/04\/ecomatin.net-christophe-guilhou160419400.jpg?fit=300%2C300&#038;ssl=1\" data-large-file=\"https:\/\/i0.wp.com\/ecomatin.net\/wp-content\/uploads\/2019\/04\/ecomatin.net-christophe-guilhou160419400.jpg?fit=400%2C400&#038;ssl=1\" class=\" wp-image-7602 alignleft\" src=\"https:\/\/i0.wp.com\/ecomatin.net\/wp-content\/uploads\/2019\/04\/ecomatin.net-christophe-guilhou160419400.jpg?resize=224%2C224&#038;ssl=1\" alt=\"\" width=\"224\" height=\"224\" data-recalc-dims=\"1\" srcset=\"https:\/\/i0.wp.com\/ecomatin.net\/wp-content\/uploads\/2019\/04\/ecomatin.net-christophe-guilhou160419400.jpg?w=400&#038;ssl=1 400w, https:\/\/i0.wp.com\/ecomatin.net\/wp-content\/uploads\/2019\/04\/ecomatin.net-christophe-guilhou160419400.jpg?resize=150%2C150&#038;ssl=1 150w, https:\/\/i0.wp.com\/ecomatin.net\/wp-content\/uploads\/2019\/04\/ecomatin.net-christophe-guilhou160419400.jpg?resize=300%2C300&#038;ssl=1 300w\" sizes=\"auto, (max-width: 224px) 100vw, 224px\"\/><\/p>\n<p>Christophe Guilhou, 56 ans, dipl\u00f4m\u00e9 de sciences politiques et de l\u2019Institut des langues et civilisations orientales, est le nouvel ambassadeur de France au Cameroun, de source diplomatique. Avant Djibouti, M. Ghilhou a \u00e9t\u00e9, entre autres, num\u00e9ro 2 de la repr\u00e9sentation de son pays aux \u00c9mirats arabes unis et en Syrie. De retour en France en 2002, il occupe le poste de conseiller diplomatique du ministre fran\u00e7ais de la Sant\u00e9, puis reparti six mois plus tard pour devenir sous-directeur en charge des questions \u00e9conomiques aux Nations-Unies. En 2005, il est nomm\u00e9 Conseiller du ministre des Affaires \u00e9trang\u00e8res, en charge du Moyen-Orient. Dans sa carri\u00e8re, il a \u00e9t\u00e9 le repr\u00e9sentant permanent adjoint (en charge des questions de sant\u00e9 et d\u2019affaires humanitaires) \u00e0 l\u2019ONU \u00e0 Gen\u00e8ve.<\/span><br \/><span class=\"c2\">Le Diplomate a \u00e9galement occup\u00e9 les fonctions de Consul g\u00e9n\u00e9ral \u00e0 Boston g\u00e9n\u00e9ral \u00e0 Boston (\u00c9tats-Unis), puis directeur de la paix, de la d\u00e9mocratie et des droits de l\u2019homme \u00e0 l\u2019Organisation internationale de la Francophonie (OIF). A ce titre, il a dirig\u00e9 des missions de crise \u00e0 Madagascar et en Guin\u00e9e-Bissau. Selon les derni\u00e8res estimations de l\u2019Institut national de la statistique (INS), la France, par ailleurs partenaire multisectoriel, \u00e9tait le 4\u00e8me client du Cameroun en 2018 avec 6,3% des exportations, derri\u00e8re la Chine (23,9%), l\u2019Italie (14,7%) et les Pays Bas (6,4%). Dans l\u2019autre sens, elle se classe au second rang des importations du Cameroun avec 8,3%, derri\u00e8re la Chine (18,5%) mais devant le Nigeria (5,6%) et les Pays-Bas (4,8%).<\/span><\/p>\n<p>Auteur: nassere1234<br \/>\n<a href=\"https:\/\/ecomatin.net\/christophe-guilhou-nouvel-ambassadeur-de-france-au-cameroun\/\">Cliquez ici pour lire l&rsquo;article depuis sa source.<\/a><\/p>\n","protected":false},"excerpt":{"rendered":"<p>Christophe Guilhou, 56 ans, dipl\u00f4m\u00e9 de sciences politiques et de l\u2019Institut des langues et civilisations orientales, est le nouvel ambassadeur de France au Cameroun, de source diplomatique. Avant Djibouti, M. Ghilhou a \u00e9t\u00e9, entre autres, num\u00e9ro 2 de la repr\u00e9sentation de son pays aux \u00c9mirats arabes unis et en Syrie. De retour en France en [&hellip;]<\/p>\n","protected":false},"author":1969,"featured_media":0,"comment_status":"closed","ping_status":"closed","sticky":false,"template":"","format":"standard","meta":{"fifu_image_url":"","fifu_image_alt":"","footnotes":""},"categories":[82,78],"tags":[],"class_list":["post-29740","post","type-post","status-publish","format-standard","hentry","category-cameroun","category-economie"],"_links":{"self":[{"href":"https:\/\/linitiative.ca\/International\/wp-json\/wp\/v2\/posts\/29740","targetHints":{"allow":["GET"]}}],"collection":[{"href":"https:\/\/linitiative.ca\/International\/wp-json\/wp\/v2\/posts"}],"about":[{"href":"https:\/\/linitiative.ca\/International\/wp-json\/wp\/v2\/types\/post"}],"author":[{"embeddable":true,"href":"https:\/\/linitiative.ca\/International\/wp-json\/wp\/v2\/users\/1969"}],"replies":[{"embeddable":true,"href":"https:\/\/linitiative.ca\/International\/wp-json\/wp\/v2\/comments?post=29740"}],"version-history":[{"count":0,"href":"https:\/\/linitiative.ca\/International\/wp-json\/wp\/v2\/posts\/29740\/revisions"}],"wp:attachment":[{"href":"https:\/\/linitiative.ca\/International\/wp-json\/wp\/v2\/media?parent=29740"}],"wp:term":[{"taxonomy":"category","embeddable":true,"href":"https:\/\/linitiative.ca\/International\/wp-json\/wp\/v2\/categories?post=29740"},{"taxonomy":"post_tag","embeddable":true,"href":"https:\/\/linitiative.ca\/International\/wp-json\/wp\/v2\/tags?post=29740"}],"curies":[{"name":"wp","href":"https:\/\/api.w.org\/{rel}","templated":true}]}}