{"id":29742,"date":"2019-04-24T06:18:03","date_gmt":"2019-04-24T10:18:03","guid":{"rendered":"https:\/\/linitiative.ca\/International\/la-presse-centrafricaine-raconte-les-heurts-a-zangba\/"},"modified":"2019-04-24T06:18:03","modified_gmt":"2019-04-24T10:18:03","slug":"la-presse-centrafricaine-raconte-les-heurts-a-zangba","status":"publish","type":"post","link":"https:\/\/linitiative.ca\/International\/la-presse-centrafricaine-raconte-les-heurts-a-zangba\/","title":{"rendered":"La presse centrafricaine raconte les heurts \u00e0 Zangba"},"content":{"rendered":"<div readability=\"32\">\n<p>Publi\u00e9 le 24.04.2019 \u00e0 11h18 par APA News<\/p>\n<\/div>\n<div readability=\"104\">\n<p>Les journaux centrafricains, parus mercredi, traitent principalement des affrontements sanglants entre l\u2019Unit\u00e9 pour la paix en Centrafrique (UPC) et les Anti-balaka \u00e0 Zangba mais aussi des actions gouvernementales dans le cadre du processus de paix.<\/p>\n<p>Centrafric Matin renseigne que les affrontements entre l\u2019Unit\u00e9 pour la paix en Centrafrique (UPC) et les Anti-balaka \u00e0 Zangba, une sous-pr\u00e9fecture du sud-est, ont fait plus de 100 morts, de nombreux bless\u00e9s et des centaines de maisons incendi\u00e9es.<\/p>\n<p>Ouragan Info indique que dans la Basse-Kotto, \u00ab19 villages (ont \u00e9t\u00e9) incendi\u00e9s et plus de 100 personnes tu\u00e9es par les \u00e9l\u00e9ments d\u2019Ali Darassa (chef rebelle centrafricain peul de l\u2019ex-S\u00e9l\u00e9ka contr\u00f4lant la zone de Bambari) \u00bb.<\/p>\n<p>Dans les colonnes du journal L\u2019Ecureuil, Martin Zigu\u00e9l\u00e9, d\u00e9put\u00e9 de Bocaranga 3 regrette la recrudescence de la violence malgr\u00e9 la signature, \u00e0 Khartoum (Soudan), d\u2019un Accord de paix le 5 f\u00e9vrier dernier \u00a0entre le gouvernement et 14 groupes arm\u00e9s.<\/p>\n<p>Poursuivant dans L\u2019Ecureuil, M. Zigu\u00e9l\u00e9 informe que ses \u00ab\u00a0compatriotes, fuyant les combats en traversant le fleuve Oubangui pour se rendre en R\u00e9publique D\u00e9mocratique du Congo, ont \u00e9t\u00e9 tu\u00e9s par les \u00e9l\u00e9ments de l\u2019UPC\u00a0\u00bb.<\/p>\n<p>Jugeant cela \u00ab inacceptable \u00bb, ce parlementaire appelle \u00ab le gouvernement et la Minusca (Mission multidimensionnelle int\u00e9gr\u00e9e des Nations unies pour la stabilisation en Centrafrique) \u00e0 une action d\u2019urgence \u00bb.\u00a0<\/p>\n<p><ins data-revive-zoneid=\"9\" data-revive-id=\"10111e19d28d19d031742ee3b0b33eb0\"\/> <\/p>\n<p>De son c\u00f4t\u00e9, l\u2019Agence Centrafricaine de Presse (Acap) annonce le lancement \u00e0 Bangui d\u2019un nouveau programme de r\u00e9int\u00e9gration socio\u00e9conomique des ex-combattants. L\u2019Acap rapporte que Maxime Mokom, le ministre en charge du D\u00e9sarmement, de la D\u00e9mobilisation, de la R\u00e9int\u00e9gration et du Rapatriement (DDRR) des ex-combattants a lanc\u00e9, vendredi dernier, les activit\u00e9s de r\u00e9int\u00e9gration socio\u00e9conomique des ex-combattants dans six nouvelles villes centrafricaines pour un montant de 5 milliards F CFA.\u00a0<\/p>\n<p>En effet, il s\u2019agit des villes de \u00a0Bouar, Paoua, Koui, Nd\u00e9l\u00e9, Birao et Bria. Adr\u00e9naline Info en conclut que l\u2019action de ce minist\u00e8re est \u00e9tendue \u00e0 l\u2019ouest et au nord-est de la Centrafrique. Le R\u00e9seau des Journalistes pour les Droits de l\u2019Homme (RJDH) explique que \u00ab ce programme vise \u00e0 contribuer au retour de la paix et au rel\u00e8vement \u00e9conomique de la R\u00e9publique Centrafricaine \u00bb.\u00a0<\/p>\n<p>En outre, le RJDH annonce que le Pr\u00e9fet du Haut-Mbomou est depuis le 16 avril au Sud Soudan pour n\u00e9gocier l\u2019ouverture de la fronti\u00e8re avec la R\u00e9publique Centrafricaine. Dans l\u2019est centrafricain, souligne le RJDH, les r\u00e9sultats de cette n\u00e9gociation sont tr\u00e8s attendus par la population qui est \u00ab asphyxi\u00e9e \u00bb.\u00a0<\/p>\n<p>Car depuis plus de deux mois, en raison de la fermeture de la fronti\u00e8re avec le Sud Soudan, \u00ab\u00a0le prix des denr\u00e9es alimentaires a flamb\u00e9\u00a0\u00bb, fait savoir le R\u00e9seau des Journalistes pour les Droits de l\u2019Homme (RJDH).<\/p>\n<\/div>\n<p>Auteur: APA News<br \/>\n<a href=\"https:\/\/www.journalducameroun.com\/fr\/la-presse-centrafricaine-raconte-les-heurts-a-zangba\/\">Cliquez ici pour lire l&rsquo;article depuis sa source.<\/a><\/p>\n","protected":false},"excerpt":{"rendered":"<p>Publi\u00e9 le 24.04.2019 \u00e0 11h18 par APA News Les journaux centrafricains, parus mercredi, traitent principalement des affrontements sanglants entre l\u2019Unit\u00e9 pour la paix en Centrafrique (UPC) et les Anti-balaka \u00e0 Zangba mais aussi des actions gouvernementales dans le cadre du processus de paix. Centrafric Matin renseigne que les affrontements entre l\u2019Unit\u00e9 pour la paix en [&hellip;]<\/p>\n","protected":false},"author":1965,"featured_media":0,"comment_status":"closed","ping_status":"closed","sticky":false,"template":"","format":"standard","meta":{"fifu_image_url":"","fifu_image_alt":"","footnotes":""},"categories":[73,82],"tags":[],"class_list":["post-29742","post","type-post","status-publish","format-standard","hentry","category-actualite","category-cameroun"],"_links":{"self":[{"href":"https:\/\/linitiative.ca\/International\/wp-json\/wp\/v2\/posts\/29742","targetHints":{"allow":["GET"]}}],"collection":[{"href":"https:\/\/linitiative.ca\/International\/wp-json\/wp\/v2\/posts"}],"about":[{"href":"https:\/\/linitiative.ca\/International\/wp-json\/wp\/v2\/types\/post"}],"author":[{"embeddable":true,"href":"https:\/\/linitiative.ca\/International\/wp-json\/wp\/v2\/users\/1965"}],"replies":[{"embeddable":true,"href":"https:\/\/linitiative.ca\/International\/wp-json\/wp\/v2\/comments?post=29742"}],"version-history":[{"count":0,"href":"https:\/\/linitiative.ca\/International\/wp-json\/wp\/v2\/posts\/29742\/revisions"}],"wp:attachment":[{"href":"https:\/\/linitiative.ca\/International\/wp-json\/wp\/v2\/media?parent=29742"}],"wp:term":[{"taxonomy":"category","embeddable":true,"href":"https:\/\/linitiative.ca\/International\/wp-json\/wp\/v2\/categories?post=29742"},{"taxonomy":"post_tag","embeddable":true,"href":"https:\/\/linitiative.ca\/International\/wp-json\/wp\/v2\/tags?post=29742"}],"curies":[{"name":"wp","href":"https:\/\/api.w.org\/{rel}","templated":true}]}}