{"id":29746,"date":"2019-04-24T06:18:05","date_gmt":"2019-04-24T10:18:05","guid":{"rendered":"https:\/\/linitiative.ca\/International\/centrafrique-adoption-dun-nouveau-code-electoral-par-les-parlementaires\/"},"modified":"2019-04-24T06:18:05","modified_gmt":"2019-04-24T10:18:05","slug":"centrafrique-adoption-dun-nouveau-code-electoral-par-les-parlementaires","status":"publish","type":"post","link":"https:\/\/linitiative.ca\/International\/centrafrique-adoption-dun-nouveau-code-electoral-par-les-parlementaires\/","title":{"rendered":"Centrafrique : Adoption d\u2019un nouveau code \u00e9lectoral par les parlementaires"},"content":{"rendered":"<div readability=\"32\">\n<p>Publi\u00e9 le 24.04.2019 \u00e0 11h18 par APA News<\/p>\n<\/div>\n<div readability=\"57\">\n<p>L\u2019Assembl\u00e9e nationale de la Centrafrique a adopt\u00e9, mardi soir, avec amendement, le nouveau projet de Code \u00e9lectoral apr\u00e8s plusieurs heures de d\u00e9bats entre les parlementaires, a constat\u00e9 APA.126 d\u00e9put\u00e9s sur 140 ont vot\u00e9 \u00ab oui \u00bb \u00e0 cette nouvelle loi d\u00e9fendue par le ministre de l\u2019Administration du territoire, Augustin Yangana Yahote. La nouveaut\u00e9 de cette loi est la hausse de la caution pay\u00e9e par les candidats aux diff\u00e9rentes \u00e9lections \u00e0 venir.\u00a0<\/p>\n<p>D\u00e9sormais, les candidats qui d\u00e9sirent se pr\u00e9senter \u00e0 l\u2019\u00e9lection pr\u00e9sidentielle, devront verser une caution de 15 000 000 millions de FCFA au tr\u00e9sor public, contre 5 millions auparavant, comme le stipulait le pr\u00e9c\u00e9dent code.<\/p>\n<p>Pour les candidats qui d\u00e9sirent se pr\u00e9senter aux \u00e9lections l\u00e9gislatives, il faudra verser 250 000 pour que le dossier soit retenu par l\u2019Autorit\u00e9 Nationale des \u00c9lections. Auparavant, la caution \u00e9tait fix\u00e9e \u00e0 100 000 FCFA par l\u2019ancien code \u00e9lectoral.<\/p>\n<p><ins data-revive-zoneid=\"9\" data-revive-id=\"10111e19d28d19d031742ee3b0b33eb0\"\/> <\/p>\n<p>Cette nouvelle loi est \u00e0 la hauteur des attentes des acteurs politiques centrafricains qui estiment qu\u2019elle peut freiner les candidatures fantaisistes aux diff\u00e9rentes \u00e9lections dans le pays.<\/p>\n<\/div>\n<p>Auteur: APA News<br \/>\n<a href=\"https:\/\/www.journalducameroun.com\/fr\/centrafrique-adoption-dun-nouveau-code-electoral-par-les-parlementaires\/\">Cliquez ici pour lire l&rsquo;article depuis sa source.<\/a><\/p>\n","protected":false},"excerpt":{"rendered":"<p>Publi\u00e9 le 24.04.2019 \u00e0 11h18 par APA News L\u2019Assembl\u00e9e nationale de la Centrafrique a adopt\u00e9, mardi soir, avec amendement, le nouveau projet de Code \u00e9lectoral apr\u00e8s plusieurs heures de d\u00e9bats entre les parlementaires, a constat\u00e9 APA.126 d\u00e9put\u00e9s sur 140 ont vot\u00e9 \u00ab oui \u00bb \u00e0 cette nouvelle loi d\u00e9fendue par le ministre de l\u2019Administration du [&hellip;]<\/p>\n","protected":false},"author":1965,"featured_media":0,"comment_status":"closed","ping_status":"closed","sticky":false,"template":"","format":"standard","meta":{"fifu_image_url":"","fifu_image_alt":"","footnotes":""},"categories":[73,82],"tags":[],"class_list":["post-29746","post","type-post","status-publish","format-standard","hentry","category-actualite","category-cameroun"],"_links":{"self":[{"href":"https:\/\/linitiative.ca\/International\/wp-json\/wp\/v2\/posts\/29746","targetHints":{"allow":["GET"]}}],"collection":[{"href":"https:\/\/linitiative.ca\/International\/wp-json\/wp\/v2\/posts"}],"about":[{"href":"https:\/\/linitiative.ca\/International\/wp-json\/wp\/v2\/types\/post"}],"author":[{"embeddable":true,"href":"https:\/\/linitiative.ca\/International\/wp-json\/wp\/v2\/users\/1965"}],"replies":[{"embeddable":true,"href":"https:\/\/linitiative.ca\/International\/wp-json\/wp\/v2\/comments?post=29746"}],"version-history":[{"count":0,"href":"https:\/\/linitiative.ca\/International\/wp-json\/wp\/v2\/posts\/29746\/revisions"}],"wp:attachment":[{"href":"https:\/\/linitiative.ca\/International\/wp-json\/wp\/v2\/media?parent=29746"}],"wp:term":[{"taxonomy":"category","embeddable":true,"href":"https:\/\/linitiative.ca\/International\/wp-json\/wp\/v2\/categories?post=29746"},{"taxonomy":"post_tag","embeddable":true,"href":"https:\/\/linitiative.ca\/International\/wp-json\/wp\/v2\/tags?post=29746"}],"curies":[{"name":"wp","href":"https:\/\/api.w.org\/{rel}","templated":true}]}}