{"id":29756,"date":"2019-04-24T04:03:00","date_gmt":"2019-04-24T08:03:00","guid":{"rendered":"https:\/\/linitiative.ca\/International\/tunisie-le-nouveau-calendrier-des-examens-du-troisieme-trimestre-de-lenseignement-primaire\/"},"modified":"2019-04-24T04:03:00","modified_gmt":"2019-04-24T08:03:00","slug":"tunisie-le-nouveau-calendrier-des-examens-du-troisieme-trimestre-de-lenseignement-primaire","status":"publish","type":"post","link":"https:\/\/linitiative.ca\/International\/tunisie-le-nouveau-calendrier-des-examens-du-troisieme-trimestre-de-lenseignement-primaire\/","title":{"rendered":"Tunisie- Le nouveau calendrier des examens du troisi\u00e8me trimestre de l\u2019enseignement primaire"},"content":{"rendered":"<div class=\"post-cont-in left relative\">\n<div class=\"nc_socialPanel swp_flatFresh swp_d_fullColor swp_i_fullColor swp_o_fullColor scale-100 scale-fullWidth\" data-position=\"none\" data-float=\"floatNone\" data-count=\"5\" data-floatcolor=\"#ffffff\" data-emphasize=\"0\">\n<div class=\"nc_tweetContainer totes totesalt\" data-id=\"6\"><span class=\"swp_count\"><span class=\"swp_label\">Partages<\/span> 0<\/span><\/div>\n<\/div>\n<p>En raison de la concomitance du d\u00e9roulement des examens avec la f\u00eate de Aid Al Fitr, le minist\u00e8re de l\u2019\u00e9ducation a d\u00e9cid\u00e9 de modifier le calendrier des examens du troisi\u00e8me trimestre de l\u2019enseignement primaire.<\/p>\n<p>Ainsi, les \u00e9preuves orales et pratiques auront lieu du 20 au 25 mai 2019, alors que les \u00e9preuves \u00e9crites se d\u00e9rouleront du 28 mai au 3 juin 2019.<\/p>\n<div class=\"code-block code-block-1 c3\"><ins class=\"adsbygoogle c2\" data-ad-layout=\"in-article\" data-ad-format=\"fluid\" data-ad-client=\"ca-pub-2102118777505746\" data-ad-slot=\"7301775417\"\/> <\/div>\n<div class=\"mvp-org-wrap mvp-org-logo\" itemprop=\"publisher\" itemscope=\"\" itemtype=\"https:\/\/schema.org\/Organization\"><img decoding=\"async\" src=\"https:\/\/www.tunisienumerique.com\/wp-content\/uploads\/2017\/02\/logo_tunisie_numerique.png\"\/><\/div>\n<div class=\"nc_socialPanel swp_flatFresh swp_d_fullColor swp_i_fullColor swp_o_fullColor scale-100 scale-fullWidth\" data-position=\"none\" data-float=\"floatNone\" data-count=\"5\" data-floatcolor=\"#ffffff\" data-emphasize=\"0\">\n<div class=\"nc_tweetContainer totes totesalt\" data-id=\"6\"><span class=\"swp_count\"><span class=\"swp_label\">Partages<\/span> 0<\/span><\/div>\n<\/div>\n<div class=\"mvp-related-posts left relative\">\n<h4 class=\"post-header\"><span class=\"post-header\">Lire aussi<\/span><\/h4>\n<\/div>\n<\/div>\n<p>Auteur: Laameri Dorsaf<br \/>\n<a href=\"https:\/\/www.tunisienumerique.com\/tunisie-le-nouveau-calendrier-des-examens-du-troisieme-trimestre-de-lenseignement-primaire\/\">Cliquez ici pour lire l&rsquo;article depuis sa source.<\/a><\/p>\n","protected":false},"excerpt":{"rendered":"<p>Partages 0 En raison de la concomitance du d\u00e9roulement des examens avec la f\u00eate de Aid Al Fitr, le minist\u00e8re de l\u2019\u00e9ducation a d\u00e9cid\u00e9 de modifier le calendrier des examens du troisi\u00e8me trimestre de l\u2019enseignement primaire. Ainsi, les \u00e9preuves orales et pratiques auront lieu du 20 au 25 mai 2019, alors que les \u00e9preuves \u00e9crites [&hellip;]<\/p>\n","protected":false},"author":1789,"featured_media":29759,"comment_status":"closed","ping_status":"closed","sticky":false,"template":"","format":"standard","meta":{"fifu_image_url":"","fifu_image_alt":"","footnotes":""},"categories":[73,55],"tags":[],"class_list":["post-29756","post","type-post","status-publish","format-standard","has-post-thumbnail","hentry","category-actualite","category-tunisie"],"_links":{"self":[{"href":"https:\/\/linitiative.ca\/International\/wp-json\/wp\/v2\/posts\/29756","targetHints":{"allow":["GET"]}}],"collection":[{"href":"https:\/\/linitiative.ca\/International\/wp-json\/wp\/v2\/posts"}],"about":[{"href":"https:\/\/linitiative.ca\/International\/wp-json\/wp\/v2\/types\/post"}],"author":[{"embeddable":true,"href":"https:\/\/linitiative.ca\/International\/wp-json\/wp\/v2\/users\/1789"}],"replies":[{"embeddable":true,"href":"https:\/\/linitiative.ca\/International\/wp-json\/wp\/v2\/comments?post=29756"}],"version-history":[{"count":0,"href":"https:\/\/linitiative.ca\/International\/wp-json\/wp\/v2\/posts\/29756\/revisions"}],"wp:featuredmedia":[{"embeddable":true,"href":"https:\/\/linitiative.ca\/International\/wp-json\/"}],"wp:attachment":[{"href":"https:\/\/linitiative.ca\/International\/wp-json\/wp\/v2\/media?parent=29756"}],"wp:term":[{"taxonomy":"category","embeddable":true,"href":"https:\/\/linitiative.ca\/International\/wp-json\/wp\/v2\/categories?post=29756"},{"taxonomy":"post_tag","embeddable":true,"href":"https:\/\/linitiative.ca\/International\/wp-json\/wp\/v2\/tags?post=29756"}],"curies":[{"name":"wp","href":"https:\/\/api.w.org\/{rel}","templated":true}]}}