{"id":29762,"date":"2019-04-23T17:10:28","date_gmt":"2019-04-23T21:10:28","guid":{"rendered":"https:\/\/linitiative.ca\/International\/grogne-dans-le-secteur-judiciaire-avocats-et-greffiers-absents-aux-audiences\/"},"modified":"2019-04-23T17:10:28","modified_gmt":"2019-04-23T21:10:28","slug":"grogne-dans-le-secteur-judiciaire-avocats-et-greffiers-absents-aux-audiences","status":"publish","type":"post","link":"https:\/\/linitiative.ca\/International\/grogne-dans-le-secteur-judiciaire-avocats-et-greffiers-absents-aux-audiences\/","title":{"rendered":"Grogne dans le secteur judiciaire : Avocats et greffiers absents aux audiences"},"content":{"rendered":"<div class=\"td-post-featured-image\"><a href=\"https:\/\/i1.wp.com\/www.sidwaya.info\/wp-content\/uploads\/2019\/04\/Palais-justice.jpg?fit=600%2C367&#038;ssl=1\" data-caption=\"\"><img loading=\"lazy\" decoding=\"async\" width=\"600\" height=\"367\" class=\"entry-thumb td-modal-image\" src=\"https:\/\/i1.wp.com\/www.sidwaya.info\/wp-content\/uploads\/2019\/04\/Palais-justice.jpg?resize=600%2C367&#038;ssl=1\" srcset=\"https:\/\/i1.wp.com\/www.sidwaya.info\/wp-content\/uploads\/2019\/04\/Palais-justice.jpg?w=600&#038;ssl=1 600w, https:\/\/i1.wp.com\/www.sidwaya.info\/wp-content\/uploads\/2019\/04\/Palais-justice.jpg?resize=300%2C184&#038;ssl=1 300w\" sizes=\"auto, (max-width: 600px) 100vw, 600px\" alt=\"\" title=\"Palais-justice\"\/><\/a><\/div>\n<div class=\"td-a-rec td-a-rec-id-content_top td_uid_30_5cc04b3c96ffe_rand td_block_template_1\"><img loading=\"lazy\" decoding=\"async\" class=\"aligncenter size-full wp-image-4463\" src=\"https:\/\/www.sidwaya.info\/wp-content\/uploads\/2019\/02\/FESPACO-TOUR-2019-Bannie%CC%80re-728x90-1.jpg\" alt=\"\" width=\"728\" height=\"90\"\/><\/div>\n<p><strong>Conform\u00e9ment \u00e0 leur mot d\u2019ordre lanc\u00e9 la veille, les avocats du Burkina Faso ont suspendu mardi 23 avril 2019, et ce pour 96 heures, leur participation aux audiences du proc\u00e8s du putsch manqu\u00e9 et au palais de justice de Ouagadougou. Constat d\u2019un mouvement qui co\u00efncide avec celui des greffiers.<\/strong><\/p>\n<p>Le palais de justice de Ouagadougou et le tribunal militaire d\u00e9localis\u00e9 \u00e0 Ouaga 2000 pour le proc\u00e8s du putsch manqu\u00e9 n\u2019ont pas abrit\u00e9 d\u2019audiences, hier mardi 23 avril 2019. Cela en raison d\u2019un mot d\u2019ordre de suspension de la participation aux s\u00e9ances des cours et tribunaux du 23 au 26 avril prochain, lanc\u00e9 par l\u2019Ordre des avocats.<\/p>\n<p>Le tribunal militaire a pris acte de la d\u00e9cision des hommes en toge noire et a report\u00e9 l\u2019audience au mardi 30 avril prochain. Un tour \u00e0 la Maison de l\u2019avocat en milieu de matin\u00e9e a permis \u00e0 Sidwaya de faire le constat au premier jour du mouvement des auxiliaires de justice qui ont boud\u00e9 les salles d\u2019audiences. Des avocats, rencontr\u00e9s sur place, ont d\u00e9plor\u00e9 le \u00ab\u00a0dysfonctionnement de l\u2019appareil judiciaire\u00a0\u00bb qui les a amen\u00e9s \u00e0 initier leur mouvement rejetant la responsabilit\u00e9 sur l\u2019Etat.<\/p>\n<p>Au palais de justice de Ouagadougou, qui abrite la Maison de l\u2019avocat, la salle d\u2019audience N\u00b01 a servi \u00e0 la tenue d\u2019une rencontre entre les responsables du syndicat des greffiers et les militants \u00e0 la base en mouvement pour une p\u00e9riode ind\u00e9termin\u00e9e. A l\u2019issue de la r\u00e9union, le greffier en chef, Hyacinthe Sirima, a confi\u00e9 que leur reversement, en 2016, dans la loi n\u00b0054 portant corps des greffiers a \u00e9t\u00e9 fait de fa\u00e7on catastrophique, cr\u00e9ant un climat d\u00e9l\u00e9t\u00e8re. A cela s\u2019ajoute selon lui, la suppression par certains individus \u00e0 eux seuls de dispositions accordant des avantages au greffier.<\/p>\n<p>Venu \u00e9changer des \u00ab\u00a0motivations du mouvement d\u2019humeur\u00a0\u00bb avec les militants, le secr\u00e9taire g\u00e9n\u00e9ral (SG) du syndicat des greffiers, Abdoul Aziz Kafando, pr\u00e9cisera, concernant les avantages, qu\u2019il s\u2019agit du privil\u00e8ge selon lequel le greffier mis en cause ne peut-\u00eatre pas par le tribunal dans le ressort duquel il exerce, mais par une juridiction d\u2019un autre ressort territorial. Pendant que les greffiers se concertaient, le tribunal d\u2019instance tenait une audience.<\/p>\n<p>Il \u00e9tait compos\u00e9 d\u2019un juge et d\u2019un greffier qui, selon le SG Kafando, est un stagiaire. Une dizaine de personnes assistait \u00e0 la s\u00e9ance du tribunal \u00e0 notre arriv\u00e9e. Une troisi\u00e8me salle d\u2019audience \u00e9tait totalement vide \u00e0 notre passage.<br \/>A la fin de leur mouvement de 96 heures, les avocats ont pr\u00e9vu une marche en direction du minist\u00e8re en charge de la Justice, le lundi 29 avril prochain.<\/p>\n<p><strong>Jean Philibert SOME<\/strong><\/p>\n<div class=\"td-a-rec td-a-rec-id-content_bottom td_uid_31_5cc04b3c97239_rand td_block_template_1\"><img loading=\"lazy\" decoding=\"async\" class=\"alignright size-full wp-image-1724\" src=\"https:\/\/www.sidwaya.info\/wp-content\/uploads\/2018\/12\/sidwaya-pub.jpg\" alt=\"\" width=\"720\" height=\"90\"\/><\/div>\n<p>Auteur: DB. Sidwaya<br \/>\n<a href=\"https:\/\/www.sidwaya.info\/blog\/2019\/04\/23\/grogne-dans-le-secteur-judiciaire-avocats-et-greffiers-absents-aux-audiences\/\">Cliquez ici pour lire l&rsquo;article depuis sa source.<\/a><\/p>\n","protected":false},"excerpt":{"rendered":"<p>Conform\u00e9ment \u00e0 leur mot d\u2019ordre lanc\u00e9 la veille, les avocats du Burkina Faso ont suspendu mardi 23 avril 2019, et ce pour 96 heures, leur participation aux audiences du proc\u00e8s du putsch manqu\u00e9 et au palais de justice de Ouagadougou. Constat d\u2019un mouvement qui co\u00efncide avec celui des greffiers. Le palais de justice de Ouagadougou [&hellip;]<\/p>\n","protected":false},"author":1816,"featured_media":0,"comment_status":"closed","ping_status":"closed","sticky":false,"template":"","format":"standard","meta":{"fifu_image_url":"","fifu_image_alt":"","footnotes":""},"categories":[73,81],"tags":[],"class_list":["post-29762","post","type-post","status-publish","format-standard","hentry","category-actualite","category-burkina-faso"],"_links":{"self":[{"href":"https:\/\/linitiative.ca\/International\/wp-json\/wp\/v2\/posts\/29762","targetHints":{"allow":["GET"]}}],"collection":[{"href":"https:\/\/linitiative.ca\/International\/wp-json\/wp\/v2\/posts"}],"about":[{"href":"https:\/\/linitiative.ca\/International\/wp-json\/wp\/v2\/types\/post"}],"author":[{"embeddable":true,"href":"https:\/\/linitiative.ca\/International\/wp-json\/wp\/v2\/users\/1816"}],"replies":[{"embeddable":true,"href":"https:\/\/linitiative.ca\/International\/wp-json\/wp\/v2\/comments?post=29762"}],"version-history":[{"count":0,"href":"https:\/\/linitiative.ca\/International\/wp-json\/wp\/v2\/posts\/29762\/revisions"}],"wp:attachment":[{"href":"https:\/\/linitiative.ca\/International\/wp-json\/wp\/v2\/media?parent=29762"}],"wp:term":[{"taxonomy":"category","embeddable":true,"href":"https:\/\/linitiative.ca\/International\/wp-json\/wp\/v2\/categories?post=29762"},{"taxonomy":"post_tag","embeddable":true,"href":"https:\/\/linitiative.ca\/International\/wp-json\/wp\/v2\/tags?post=29762"}],"curies":[{"name":"wp","href":"https:\/\/api.w.org\/{rel}","templated":true}]}}