{"id":29765,"date":"2019-04-24T04:12:19","date_gmt":"2019-04-24T08:12:19","guid":{"rendered":"https:\/\/linitiative.ca\/International\/tunisie-le-ministere-des-affaires-sociales-propose-une-caisse-dassurance-de-perte-demploi\/"},"modified":"2019-04-24T04:12:19","modified_gmt":"2019-04-24T08:12:19","slug":"tunisie-le-ministere-des-affaires-sociales-propose-une-caisse-dassurance-de-perte-demploi","status":"publish","type":"post","link":"https:\/\/linitiative.ca\/International\/tunisie-le-ministere-des-affaires-sociales-propose-une-caisse-dassurance-de-perte-demploi\/","title":{"rendered":"Tunisie: Le minist\u00e8re des Affaires sociales propose une Caisse d\u2019assurance de perte d\u2019emploi"},"content":{"rendered":"<div class=\"post-cont-in left relative\">\n<div class=\"nc_socialPanel swp_flatFresh swp_d_fullColor swp_i_fullColor swp_o_fullColor scale-100 scale-fullWidth\" data-position=\"none\" data-float=\"floatNone\" data-count=\"5\" data-floatcolor=\"#ffffff\" data-emphasize=\"0\">\n<div class=\"nc_tweetContainer totes totesalt\" data-id=\"6\"><span class=\"swp_count\"><span class=\"swp_label\">Partages<\/span> 0<\/span><\/div>\n<\/div>\n<p>Le directeur de la s\u00e9curit\u00e9 sociale au minist\u00e8re des Affaires sociales, Kamal Madouri a annonc\u00e9 que le minist\u00e8re a propos\u00e9 la cr\u00e9ation d\u2019une Caisse d\u2019assurance pour la perte d\u2019emploi.<\/p>\n<p>La Caisse permettra une source financi\u00e8re durable au travailleur licenci\u00e9 pour des raisons \u00e9conomiques, a pr\u00e9cis\u00e9 Kamal Madouri, dans une d\u00e9claration mardi, 23 avril 2019, \u00e0 radio Shems Fm.<\/p>\n<div class=\"code-block code-block-1 c3\"><ins class=\"adsbygoogle c2\" data-ad-layout=\"in-article\" data-ad-format=\"fluid\" data-ad-client=\"ca-pub-2102118777505746\" data-ad-slot=\"7301775417\"\/> <\/div>\n<p>Il a soulign\u00e9 que cette proposition est l\u2019une des plus importantes pour son activation de laquelle le minist\u00e8re travaille avec les partenaires inter sociaux.<\/p>\n<div class=\"mvp-org-wrap mvp-org-logo\" itemprop=\"publisher\" itemscope=\"\" itemtype=\"https:\/\/schema.org\/Organization\"><img decoding=\"async\" src=\"https:\/\/www.tunisienumerique.com\/wp-content\/uploads\/2017\/02\/logo_tunisie_numerique.png\"\/><\/div>\n<div class=\"nc_socialPanel swp_flatFresh swp_d_fullColor swp_i_fullColor swp_o_fullColor scale-100 scale-fullWidth\" data-position=\"none\" data-float=\"floatNone\" data-count=\"5\" data-floatcolor=\"#ffffff\" data-emphasize=\"0\">\n<div class=\"nc_tweetContainer totes totesalt\" data-id=\"6\"><span class=\"swp_count\"><span class=\"swp_label\">Partages<\/span> 0<\/span><\/div>\n<\/div>\n<div class=\"mvp-related-posts left relative\">\n<h4 class=\"post-header\"><span class=\"post-header\">Lire aussi<\/span><\/h4>\n<\/div>\n<\/div>\n<p>Auteur: Mourad S<br \/>\n<a href=\"https:\/\/www.tunisienumerique.com\/tunisie-le-ministere-des-affaires-sociales-propose-une-caisse-dassurance-de-perte-demploi\/\">Cliquez ici pour lire l&rsquo;article depuis sa source.<\/a><\/p>\n","protected":false},"excerpt":{"rendered":"<p>Partages 0 Le directeur de la s\u00e9curit\u00e9 sociale au minist\u00e8re des Affaires sociales, Kamal Madouri a annonc\u00e9 que le minist\u00e8re a propos\u00e9 la cr\u00e9ation d\u2019une Caisse d\u2019assurance pour la perte d\u2019emploi. La Caisse permettra une source financi\u00e8re durable au travailleur licenci\u00e9 pour des raisons \u00e9conomiques, a pr\u00e9cis\u00e9 Kamal Madouri, dans une d\u00e9claration mardi, 23 avril [&hellip;]<\/p>\n","protected":false},"author":1789,"featured_media":29769,"comment_status":"closed","ping_status":"closed","sticky":false,"template":"","format":"standard","meta":{"fifu_image_url":"","fifu_image_alt":"","footnotes":""},"categories":[73,55],"tags":[],"class_list":["post-29765","post","type-post","status-publish","format-standard","has-post-thumbnail","hentry","category-actualite","category-tunisie"],"_links":{"self":[{"href":"https:\/\/linitiative.ca\/International\/wp-json\/wp\/v2\/posts\/29765","targetHints":{"allow":["GET"]}}],"collection":[{"href":"https:\/\/linitiative.ca\/International\/wp-json\/wp\/v2\/posts"}],"about":[{"href":"https:\/\/linitiative.ca\/International\/wp-json\/wp\/v2\/types\/post"}],"author":[{"embeddable":true,"href":"https:\/\/linitiative.ca\/International\/wp-json\/wp\/v2\/users\/1789"}],"replies":[{"embeddable":true,"href":"https:\/\/linitiative.ca\/International\/wp-json\/wp\/v2\/comments?post=29765"}],"version-history":[{"count":0,"href":"https:\/\/linitiative.ca\/International\/wp-json\/wp\/v2\/posts\/29765\/revisions"}],"wp:featuredmedia":[{"embeddable":true,"href":"https:\/\/linitiative.ca\/International\/wp-json\/"}],"wp:attachment":[{"href":"https:\/\/linitiative.ca\/International\/wp-json\/wp\/v2\/media?parent=29765"}],"wp:term":[{"taxonomy":"category","embeddable":true,"href":"https:\/\/linitiative.ca\/International\/wp-json\/wp\/v2\/categories?post=29765"},{"taxonomy":"post_tag","embeddable":true,"href":"https:\/\/linitiative.ca\/International\/wp-json\/wp\/v2\/tags?post=29765"}],"curies":[{"name":"wp","href":"https:\/\/api.w.org\/{rel}","templated":true}]}}