{"id":29772,"date":"2019-04-23T17:11:23","date_gmt":"2019-04-23T21:11:23","guid":{"rendered":"https:\/\/linitiative.ca\/International\/ministere-de-leconomie-un-accord-entre-syndicats-et-gouvernement\/"},"modified":"2019-04-23T17:11:23","modified_gmt":"2019-04-23T21:11:23","slug":"ministere-de-leconomie-un-accord-entre-syndicats-et-gouvernement","status":"publish","type":"post","link":"https:\/\/linitiative.ca\/International\/ministere-de-leconomie-un-accord-entre-syndicats-et-gouvernement\/","title":{"rendered":"Minist\u00e8re de l\u2019Economie : Un accord entre Syndicats et gouvernement"},"content":{"rendered":"<div class=\"td-a-rec td-a-rec-id-content_top td_uid_30_5cc04b3f9b677_rand td_block_template_1\"><img loading=\"lazy\" decoding=\"async\" class=\"aligncenter size-full wp-image-4463\" src=\"https:\/\/www.sidwaya.info\/wp-content\/uploads\/2019\/02\/FESPACO-TOUR-2019-Bannie%CC%80re-728x90-1.jpg\" alt=\"\" width=\"728\" height=\"90\"\/><\/div>\n<p>De sources bien introduites, la Coordination des syndicats du minist\u00e8re de l\u2019Economie, des Finances et du D\u00e9veloppement (CS-MINEFID) et le gouvernement ont trouv\u00e9 un terrain d\u2019entente hier mardi 23 avril 2019.<\/p>\n<p>A l\u2019issue de cet accord, la direction de la lutte a invit\u00e9 les travailleurs du minist\u00e8re \u00e0 reprendre convenablement le travail \u00e0 partir de ce jour 24 avril. Elle a, en outre, promis de prendre les dispositions n\u00e9cessaires pour \u00ab\u00a0la restitution dans les cadres habituels des organisations syndicales membres de la CS-MINEFID\u00a0\u00bb.<\/p>\n<p><strong>La R\u00e9daction<\/strong><\/p>\n<div class=\"td-a-rec td-a-rec-id-content_bottom td_uid_31_5cc04b3f9b8f8_rand td_block_template_1\"><img loading=\"lazy\" decoding=\"async\" class=\"alignright size-full wp-image-1724\" src=\"https:\/\/www.sidwaya.info\/wp-content\/uploads\/2018\/12\/sidwaya-pub.jpg\" alt=\"\" width=\"720\" height=\"90\"\/><\/div>\n<p>Auteur: DB. Sidwaya<br \/>\n<a href=\"https:\/\/www.sidwaya.info\/blog\/2019\/04\/23\/ministere-de-leconomie-un-accord-entre-syndicats-et-gouvernement\/\">Cliquez ici pour lire l&rsquo;article depuis sa source.<\/a><\/p>\n","protected":false},"excerpt":{"rendered":"<p>De sources bien introduites, la Coordination des syndicats du minist\u00e8re de l\u2019Economie, des Finances et du D\u00e9veloppement (CS-MINEFID) et le gouvernement ont trouv\u00e9 un terrain d\u2019entente hier mardi 23 avril 2019. A l\u2019issue de cet accord, la direction de la lutte a invit\u00e9 les travailleurs du minist\u00e8re \u00e0 reprendre convenablement le travail \u00e0 partir de [&hellip;]<\/p>\n","protected":false},"author":1816,"featured_media":29779,"comment_status":"closed","ping_status":"closed","sticky":false,"template":"","format":"standard","meta":{"fifu_image_url":"","fifu_image_alt":"","footnotes":""},"categories":[73,81],"tags":[],"class_list":["post-29772","post","type-post","status-publish","format-standard","has-post-thumbnail","hentry","category-actualite","category-burkina-faso"],"_links":{"self":[{"href":"https:\/\/linitiative.ca\/International\/wp-json\/wp\/v2\/posts\/29772","targetHints":{"allow":["GET"]}}],"collection":[{"href":"https:\/\/linitiative.ca\/International\/wp-json\/wp\/v2\/posts"}],"about":[{"href":"https:\/\/linitiative.ca\/International\/wp-json\/wp\/v2\/types\/post"}],"author":[{"embeddable":true,"href":"https:\/\/linitiative.ca\/International\/wp-json\/wp\/v2\/users\/1816"}],"replies":[{"embeddable":true,"href":"https:\/\/linitiative.ca\/International\/wp-json\/wp\/v2\/comments?post=29772"}],"version-history":[{"count":0,"href":"https:\/\/linitiative.ca\/International\/wp-json\/wp\/v2\/posts\/29772\/revisions"}],"wp:featuredmedia":[{"embeddable":true,"href":"https:\/\/linitiative.ca\/International\/wp-json\/"}],"wp:attachment":[{"href":"https:\/\/linitiative.ca\/International\/wp-json\/wp\/v2\/media?parent=29772"}],"wp:term":[{"taxonomy":"category","embeddable":true,"href":"https:\/\/linitiative.ca\/International\/wp-json\/wp\/v2\/categories?post=29772"},{"taxonomy":"post_tag","embeddable":true,"href":"https:\/\/linitiative.ca\/International\/wp-json\/wp\/v2\/tags?post=29772"}],"curies":[{"name":"wp","href":"https:\/\/api.w.org\/{rel}","templated":true}]}}