{"id":29776,"date":"2019-04-24T04:23:54","date_gmt":"2019-04-24T08:23:54","guid":{"rendered":"https:\/\/linitiative.ca\/International\/arabie-saoudite-decapitation-de-37-hommes-accuses-de-terrorisme\/"},"modified":"2019-04-24T04:23:54","modified_gmt":"2019-04-24T08:23:54","slug":"arabie-saoudite-decapitation-de-37-hommes-accuses-de-terrorisme","status":"publish","type":"post","link":"https:\/\/linitiative.ca\/International\/arabie-saoudite-decapitation-de-37-hommes-accuses-de-terrorisme\/","title":{"rendered":"Arabie saoudite: D\u00e9capitation de 37 hommes accus\u00e9s de terrorisme"},"content":{"rendered":"<div class=\"post-cont-in left relative\">\n<div class=\"nc_socialPanel swp_flatFresh swp_d_fullColor swp_i_fullColor swp_o_fullColor scale-100 scale-fullWidth\" data-position=\"none\" data-float=\"floatNone\" data-count=\"5\" data-floatcolor=\"#ffffff\" data-emphasize=\"0\">\n<div class=\"nc_tweetContainer totes totesalt\" data-id=\"6\"><span class=\"swp_count\"><span class=\"swp_label\">Partages<\/span> 0<\/span><\/div>\n<\/div>\n<p>L\u2019Arabie saoudite a ex\u00e9cut\u00e9 37 hommes reconnus coupables de crimes li\u00e9s au terrorisme, a annonc\u00e9 mardi l\u2019agence de presse officielle du royaume.<\/p>\n<p>L\u2019un des condamn\u00e9s a \u00e9t\u00e9 crucifi\u00e9, selon un communiqu\u00e9 du minist\u00e8re de l\u2019Int\u00e9rieur publi\u00e9 par l\u2019Agence de presse saoudienne (SPA).<\/p>\n<div class=\"code-block code-block-1 c3\"><ins class=\"adsbygoogle c2\" data-ad-layout=\"in-article\" data-ad-format=\"fluid\" data-ad-client=\"ca-pub-2102118777505746\" data-ad-slot=\"7301775417\"\/> <\/div>\n<p>\u201cLa peine de mort a \u00e9t\u00e9 appliqu\u00e9e \u00e0 un certain nombre de criminels\u00a0qui ont adopt\u00e9 des id\u00e9ologies\u00a0 extr\u00e9mistes et form\u00e9 des cellules terroristes afin de corrompre et de perturber la s\u00e9curit\u00e9, ainsi que de semer le chaos et de provoquer des conflits sectaires\u201d, a d\u00e9clar\u00e9 la SPA dans un tweet.<\/p>\n<p>Le communiqu\u00e9 comportait les noms des 37 ressortissants saoudiens ex\u00e9cut\u00e9s dans diverses r\u00e9gions du pays. L\u2019Arabie Saoudite a l\u2019un des taux de peine de mort les plus \u00e9lev\u00e9s au monde.<\/p>\n<p>Il a proc\u00e9d\u00e9 \u00e0 l\u2019une de ses plus grandes ex\u00e9cutions de masse en janvier 2016 lorsque 47 personnes ont \u00e9t\u00e9 mises \u00e0 mort, dont l\u2019\u00e9minent dirigeant chiite Nimr al-Nimr. Les prisonniers ex\u00e9cut\u00e9s \u00e9taient accus\u00e9s de terrorisme et d\u2019id\u00e9ologie extr\u00e9miste.<\/p>\n<p>Depuis que le prince Mohammed bin Salman a fait son entr\u00e9e sur la sc\u00e8ne politique du royaume en 2015, il a supervis\u00e9 une r\u00e9pression accrue de la dissidence. Il a commenc\u00e9 sa carri\u00e8re politique en tant que ministre de la D\u00e9fense et a \u00e9t\u00e9 nomm\u00e9 prince h\u00e9ritier en 2017.<\/p>\n<p>Au cours des derni\u00e8res ann\u00e9es, le prince h\u00e9ritier a ordonn\u00e9 le rassemblement de dizaines de princes, d\u2019activistes, de hauts dignitaires religieux, d\u2019analystes, d\u2019hommes d\u2019affaires, de d\u00e9fenseurs des droits des femmes qui auraient \u00e9t\u00e9 tortur\u00e9s et que les autorit\u00e9s\u00a0ont accus\u00e9\u00a0de \u201ccontacts suspects\u201d avec des entit\u00e9s \u00e9trang\u00e8res.<\/p>\n<p>Source: CNN<\/p>\n<div class=\"mvp-org-wrap mvp-org-logo\" itemprop=\"publisher\" itemscope=\"\" itemtype=\"https:\/\/schema.org\/Organization\"><img decoding=\"async\" src=\"https:\/\/www.tunisienumerique.com\/wp-content\/uploads\/2017\/02\/logo_tunisie_numerique.png\"\/><\/div>\n<div class=\"nc_socialPanel swp_flatFresh swp_d_fullColor swp_i_fullColor swp_o_fullColor scale-100 scale-fullWidth\" data-position=\"none\" data-float=\"floatNone\" data-count=\"5\" data-floatcolor=\"#ffffff\" data-emphasize=\"0\">\n<div class=\"nc_tweetContainer totes totesalt\" data-id=\"6\"><span class=\"swp_count\"><span class=\"swp_label\">Partages<\/span> 0<\/span><\/div>\n<\/div>\n<div class=\"mvp-related-posts left relative\">\n<h4 class=\"post-header\"><span class=\"post-header\">Lire aussi<\/span><\/h4>\n<\/div>\n<\/div>\n<p>Auteur: Mourad S<br \/>\n<a href=\"https:\/\/www.tunisienumerique.com\/arabie-saoudite-decapitation-de-37-hommes-accuses-de-terrorisme\/\">Cliquez ici pour lire l&rsquo;article depuis sa source.<\/a><\/p>\n","protected":false},"excerpt":{"rendered":"<p>Partages 0 L\u2019Arabie saoudite a ex\u00e9cut\u00e9 37 hommes reconnus coupables de crimes li\u00e9s au terrorisme, a annonc\u00e9 mardi l\u2019agence de presse officielle du royaume. L\u2019un des condamn\u00e9s a \u00e9t\u00e9 crucifi\u00e9, selon un communiqu\u00e9 du minist\u00e8re de l\u2019Int\u00e9rieur publi\u00e9 par l\u2019Agence de presse saoudienne (SPA). \u201cLa peine de mort a \u00e9t\u00e9 appliqu\u00e9e \u00e0 un certain nombre [&hellip;]<\/p>\n","protected":false},"author":1789,"featured_media":29780,"comment_status":"closed","ping_status":"closed","sticky":false,"template":"","format":"standard","meta":{"fifu_image_url":"","fifu_image_alt":"","footnotes":""},"categories":[73,55],"tags":[],"class_list":["post-29776","post","type-post","status-publish","format-standard","has-post-thumbnail","hentry","category-actualite","category-tunisie"],"_links":{"self":[{"href":"https:\/\/linitiative.ca\/International\/wp-json\/wp\/v2\/posts\/29776","targetHints":{"allow":["GET"]}}],"collection":[{"href":"https:\/\/linitiative.ca\/International\/wp-json\/wp\/v2\/posts"}],"about":[{"href":"https:\/\/linitiative.ca\/International\/wp-json\/wp\/v2\/types\/post"}],"author":[{"embeddable":true,"href":"https:\/\/linitiative.ca\/International\/wp-json\/wp\/v2\/users\/1789"}],"replies":[{"embeddable":true,"href":"https:\/\/linitiative.ca\/International\/wp-json\/wp\/v2\/comments?post=29776"}],"version-history":[{"count":0,"href":"https:\/\/linitiative.ca\/International\/wp-json\/wp\/v2\/posts\/29776\/revisions"}],"wp:featuredmedia":[{"embeddable":true,"href":"https:\/\/linitiative.ca\/International\/wp-json\/"}],"wp:attachment":[{"href":"https:\/\/linitiative.ca\/International\/wp-json\/wp\/v2\/media?parent=29776"}],"wp:term":[{"taxonomy":"category","embeddable":true,"href":"https:\/\/linitiative.ca\/International\/wp-json\/wp\/v2\/categories?post=29776"},{"taxonomy":"post_tag","embeddable":true,"href":"https:\/\/linitiative.ca\/International\/wp-json\/wp\/v2\/tags?post=29776"}],"curies":[{"name":"wp","href":"https:\/\/api.w.org\/{rel}","templated":true}]}}