{"id":29777,"date":"2019-04-24T03:24:00","date_gmt":"2019-04-24T07:24:00","guid":{"rendered":"https:\/\/linitiative.ca\/International\/ryad-square-rabat-abrite-un-tout-nouveau-mall\/"},"modified":"2019-04-24T03:24:00","modified_gmt":"2019-04-24T07:24:00","slug":"ryad-square-rabat-abrite-un-tout-nouveau-mall","status":"publish","type":"post","link":"https:\/\/linitiative.ca\/International\/ryad-square-rabat-abrite-un-tout-nouveau-mall\/","title":{"rendered":"Ryad square : Rabat abrite un tout nouveau mall"},"content":{"rendered":"<p>Le nouveau centre commercial <strong>Ryad Square Shopping Center<\/strong> a finalement ouvert ses portes au c\u0153ur du quartier Souissi, \u00e0 Rabat.<\/p>\n<div class=\"c10\"\/>\n<p>Une surface de 34.000 m2, dont 15.000m2 de surface de vente, Ryad square accueille plusieurs enseignes de loisirs, restauration, bricolage, mode, d\u00e9coration, ainsi que plusieurs autres maques internationales de renom, dont:\u00a0Super U, la coop\u00e9rative des commer\u00e7ants de grande distribution d\u00e9pos\u00e9e par la f\u00e9d\u00e9ration fran\u00e7aise des soci\u00e9t\u00e9s d\u2019achats en commun pour des produits alimentaires et des produits d\u2019entretien (une premi\u00e8re implantation au Maroc),\u00a0Mini So,\u00a0Levi\u2019s,\u00a0Defacto,\u00a0Tommy Hilfiger,\u00a0Courir, Go Sport,Royal kids, etc.<\/p>\n<p>Lire aussi :<a href=\"https:\/\/www.challenge.ma\/ouverture-a-casablanca-du-centre-commercial-marina-shopping-107793\/\" target=\"_blank\" rel=\"noopener noreferrer\">\u00a0Ouverture \u00e0 Casablanca du centre commercial \u00ab Marina Shopping \u00bb<\/a><\/p>\n<p>Un investissement de 220 millions de dirhams, fruit d\u2019une collaboration entre <strong>FC2B<\/strong>, fonci\u00e8re sp\u00e9cialis\u00e9e dans le retail, filiale de Bricoma Holding\u00a0 contr\u00f4l\u00e9 par la famille Filali Chahad, et ArchiPlus (Mounir Hargam) ayant l\u2019ambition d\u2019attirer\u00a0plus de 3 millions de visiteurs par an et pourvoir \u00e0 quelque 750 emplois directs en plus des 4.000 emplois indirects.<\/p>\n<div class=\"c17\">\n<fieldset class=\"c16\">\n<legend><strong><span class=\"c11\">Challenge<\/span><span class=\"c12\">news<\/span><\/strong><\/legend>\n<div class=\"c15\">Le meilleur de la r\u00e9daction s\u00e9lectionn\u00e9 par Challenge :<\/p>\n<\/div>\n<\/fieldset>\n<\/div>\n<p>Auteur: Hajar DARI<br \/>\n<a href=\"https:\/\/www.challenge.ma\/ryad-square-rabat-abrite-un-tout-nouveau-mall-108183\/\">Cliquez ici pour lire l&rsquo;article depuis sa source.<\/a><\/p>\n","protected":false},"excerpt":{"rendered":"<p>Le nouveau centre commercial Ryad Square Shopping Center a finalement ouvert ses portes au c\u0153ur du quartier Souissi, \u00e0 Rabat. Une surface de 34.000 m2, dont 15.000m2 de surface de vente, Ryad square accueille plusieurs enseignes de loisirs, restauration, bricolage, mode, d\u00e9coration, ainsi que plusieurs autres maques internationales de renom, dont:\u00a0Super U, la coop\u00e9rative des [&hellip;]<\/p>\n","protected":false},"author":1787,"featured_media":0,"comment_status":"closed","ping_status":"closed","sticky":false,"template":"","format":"standard","meta":{"fifu_image_url":"","fifu_image_alt":"","footnotes":""},"categories":[78,54],"tags":[],"class_list":["post-29777","post","type-post","status-publish","format-standard","hentry","category-economie","category-maroc"],"_links":{"self":[{"href":"https:\/\/linitiative.ca\/International\/wp-json\/wp\/v2\/posts\/29777","targetHints":{"allow":["GET"]}}],"collection":[{"href":"https:\/\/linitiative.ca\/International\/wp-json\/wp\/v2\/posts"}],"about":[{"href":"https:\/\/linitiative.ca\/International\/wp-json\/wp\/v2\/types\/post"}],"author":[{"embeddable":true,"href":"https:\/\/linitiative.ca\/International\/wp-json\/wp\/v2\/users\/1787"}],"replies":[{"embeddable":true,"href":"https:\/\/linitiative.ca\/International\/wp-json\/wp\/v2\/comments?post=29777"}],"version-history":[{"count":0,"href":"https:\/\/linitiative.ca\/International\/wp-json\/wp\/v2\/posts\/29777\/revisions"}],"wp:attachment":[{"href":"https:\/\/linitiative.ca\/International\/wp-json\/wp\/v2\/media?parent=29777"}],"wp:term":[{"taxonomy":"category","embeddable":true,"href":"https:\/\/linitiative.ca\/International\/wp-json\/wp\/v2\/categories?post=29777"},{"taxonomy":"post_tag","embeddable":true,"href":"https:\/\/linitiative.ca\/International\/wp-json\/wp\/v2\/tags?post=29777"}],"curies":[{"name":"wp","href":"https:\/\/api.w.org\/{rel}","templated":true}]}}