{"id":29782,"date":"2019-04-24T04:10:01","date_gmt":"2019-04-24T08:10:01","guid":{"rendered":"https:\/\/linitiative.ca\/International\/tunisie-ue-reunion-demain-a-tunis-autour-du-lancement-du-projet-sectrans-nas\/"},"modified":"2019-04-24T04:10:01","modified_gmt":"2019-04-24T08:10:01","slug":"tunisie-ue-reunion-demain-a-tunis-autour-du-lancement-du-projet-sectrans-nas","status":"publish","type":"post","link":"https:\/\/linitiative.ca\/International\/tunisie-ue-reunion-demain-a-tunis-autour-du-lancement-du-projet-sectrans-nas\/","title":{"rendered":"Tunisie \u2013 UE : R\u00e9union demain \u00e0 Tunis autour du lancement du projet SECTRANS-NAS"},"content":{"rendered":"<p>La Tunisie accueille, demain, la c\u00e9r\u00e9monie de lancement d\u2019un nouveau projet de coop\u00e9ration r\u00e9gionale financ\u00e9 par l\u2019Union europ\u00e9enne pour une meilleure ma\u00eetrise du risque li\u00e9 aux produits chimiques et biologiques dangereux. Le projet SECTRANS-NAS porte sur le d\u00e9veloppement et renforcement des capacit\u00e9s de gestion des risques li\u00e9s au transport terrestre de mati\u00e8res chimiques et biologiques en Afrique du Nord et dans la r\u00e9gion du Sahel. Cette c\u00e9r\u00e9monie r\u00e9unie des experts des six pays participants au Projet ainsi que des repr\u00e9sentants de la D\u00e9l\u00e9gation de l\u2019Union Europ\u00e9enne, des ambassades des Etats membre de l\u2019Union Europ\u00e9enne et des pays partenaires.<\/p>\n<p>Les actions de ce projet visent \u00e0 renforcer les comp\u00e9tences et la coop\u00e9ration des diff\u00e9rentes parties prenantes des six pays africains qui sont : la Tunisie, l\u2019Alg\u00e9rie, le Burkina Faso, le Mali, Le Maroc et le Niger. Elles ont \u00e9t\u00e9 d\u00e9velopp\u00e9es par les autorit\u00e9s comp\u00e9tentes de ces pays dans le cadre de l\u2019Initiative des Centres d\u2019Excellence de l\u2019Union europ\u00e9enne pour la r\u00e9duction des risques nucl\u00e9aires, radiologiques, biologiques et chimiques (CdE NRBC UE). Ce programme de coop\u00e9ration de l\u2019UE en mati\u00e8re de s\u00e9curit\u00e9 civile rassemble 61 pays r\u00e9partis autour de huit bureaux r\u00e9gionaux dont celui des pays de l\u2019Afrique du Nord et du Sahel, bas\u00e9 \u00e0 Alger.<\/p>\n<p>Il est attendu que le projet SECTRANS-NAS contribue, en \u00e9troite coop\u00e9ration avec chacun des pays b\u00e9n\u00e9ficiaires, \u00e0 la mise \u00e0 jour des cadres juridiques nationaux, au d\u00e9veloppement d\u2019outils m\u00e9thodologiques et au renforcement des capacit\u00e9s des diff\u00e9rents acteurs de la pr\u00e9vention, la pr\u00e9paration et la r\u00e9ponse aux accidents\/incidents li\u00e9s au transport terrestre de marchandises dangereuses.<\/p>\n<p>Le projet SECTRANS-NAS, dot\u00e9 d\u2019un budget de 2,2 millions d\u2019euros est financ\u00e9 par l\u2019Union europ\u00e9enne et mis en \u0153uvre par un consortium dirig\u00e9 par la Fondation internationale et ib\u00e9ro-am\u00e9ricaine pour l\u2019administration et les politiques publiques-FIIAPP(Espagne) et ses partenaires de l\u2019Association pour le D\u00e9veloppement, l\u2019\u00c9ducation, le Droit, la Formation, l\u2019Art et la S\u00e9curit\u00e9 \u2013 ADELFAS (Espagne) et l\u2019Institut Militaire d\u2019Hygi\u00e8ne et d\u2019\u00c9pid\u00e9miologie \u2013 MIHE (Pologne).<\/p>\n<p class=\"dpsp-share-text\">Partager c&rsquo;est aimer!<\/p>\n<div class=\"wp-post-author-wrap wp-post-author-shortcode left\">\n<h3 class=\"awpa-title\"\/>\n<div class=\"wp-post-author\">\n<div class=\"awpa-img awpa-author-block square\"><a href=\"http:\/\/lexpertjournal.net\/fr\/author\/expert\/\"><img loading=\"lazy\" decoding=\"async\" alt=\"\" src=\"http:\/\/2.gravatar.com\/avatar\/56d99be2a6f97af88ccb49fada637fcd?s=150&#038;d=mm&#038;r=g\" srcset=\"http:\/\/2.gravatar.com\/avatar\/56d99be2a6f97af88ccb49fada637fcd?s=300&#038;d=mm&#038;r=g 2x\" class=\"avatar avatar-150 photo\" height=\"150\" width=\"150\"\/><\/a><\/div>\n<\/div>\n<\/div>\n<p>Auteur: L&rsquo;expert<br \/>\n<a href=\"http:\/\/lexpertjournal.net\/fr\/2019\/04\/24\/tunisie-ue-reunion-demain-a-tunis-autour-du-lancement-du-projet-sectrans-nas\/\">Cliquez ici pour lire l&rsquo;article depuis sa source.<\/a><\/p>\n","protected":false},"excerpt":{"rendered":"<p>La Tunisie accueille, demain, la c\u00e9r\u00e9monie de lancement d\u2019un nouveau projet de coop\u00e9ration r\u00e9gionale financ\u00e9 par l\u2019Union europ\u00e9enne pour une meilleure ma\u00eetrise du risque li\u00e9 aux produits chimiques et biologiques dangereux. Le projet SECTRANS-NAS porte sur le d\u00e9veloppement et renforcement des capacit\u00e9s de gestion des risques li\u00e9s au transport terrestre de mati\u00e8res chimiques et biologiques [&hellip;]<\/p>\n","protected":false},"author":1775,"featured_media":0,"comment_status":"closed","ping_status":"closed","sticky":false,"template":"","format":"standard","meta":{"fifu_image_url":"","fifu_image_alt":"","footnotes":""},"categories":[78,55],"tags":[],"class_list":["post-29782","post","type-post","status-publish","format-standard","hentry","category-economie","category-tunisie"],"_links":{"self":[{"href":"https:\/\/linitiative.ca\/International\/wp-json\/wp\/v2\/posts\/29782","targetHints":{"allow":["GET"]}}],"collection":[{"href":"https:\/\/linitiative.ca\/International\/wp-json\/wp\/v2\/posts"}],"about":[{"href":"https:\/\/linitiative.ca\/International\/wp-json\/wp\/v2\/types\/post"}],"author":[{"embeddable":true,"href":"https:\/\/linitiative.ca\/International\/wp-json\/wp\/v2\/users\/1775"}],"replies":[{"embeddable":true,"href":"https:\/\/linitiative.ca\/International\/wp-json\/wp\/v2\/comments?post=29782"}],"version-history":[{"count":0,"href":"https:\/\/linitiative.ca\/International\/wp-json\/wp\/v2\/posts\/29782\/revisions"}],"wp:attachment":[{"href":"https:\/\/linitiative.ca\/International\/wp-json\/wp\/v2\/media?parent=29782"}],"wp:term":[{"taxonomy":"category","embeddable":true,"href":"https:\/\/linitiative.ca\/International\/wp-json\/wp\/v2\/categories?post=29782"},{"taxonomy":"post_tag","embeddable":true,"href":"https:\/\/linitiative.ca\/International\/wp-json\/wp\/v2\/tags?post=29782"}],"curies":[{"name":"wp","href":"https:\/\/api.w.org\/{rel}","templated":true}]}}