{"id":29789,"date":"2019-04-24T05:20:00","date_gmt":"2019-04-24T09:20:00","guid":{"rendered":"https:\/\/linitiative.ca\/International\/cdg-private-equity-investit-dans-oncorad\/"},"modified":"2019-04-24T05:20:00","modified_gmt":"2019-04-24T09:20:00","slug":"cdg-private-equity-investit-dans-oncorad","status":"publish","type":"post","link":"https:\/\/linitiative.ca\/International\/cdg-private-equity-investit-dans-oncorad\/","title":{"rendered":"CDG Private Equity investit dans Oncorad"},"content":{"rendered":"<p class=\"rtejustify\">CDG Capital Private Equity investit dans Oncorad, prestataire de soins priv\u00e9 sp\u00e9cialis\u00e9 en oncologie et radiologie. Fond\u00e9 en 1999 par le Pr. Redouane Samlali et le Dr Omar Hajji, le groupe a cr\u00e9\u00e9 son premier centre \u00abLa Clinique le Littoral\u00bb en 2000 \u00e0 Casablanca. En 2016, Oncorad a mis en place le Centre d\u2019oncologie Majorelle \u00e0 Marrakech en partenariat avec des m\u00e9decins locaux, avant de lancer en 2018 une nouvelle structure qui ouvrira d\u00e9but 2020 \u00e0 Agadir.<\/p>\n<p class=\"rtejustify\"><em>E.M.G.<\/em><\/p>\n<p>Auteur: hlafriqi<br \/>\n<a href=\"https:\/\/www.leconomiste.com\/article\/1044155-cdg-private-equity-investit-dans-oncorad\">Cliquez ici pour lire l&rsquo;article depuis sa source.<\/a><\/p>\n","protected":false},"excerpt":{"rendered":"<p>CDG Capital Private Equity investit dans Oncorad, prestataire de soins priv\u00e9 sp\u00e9cialis\u00e9 en oncologie et radiologie. Fond\u00e9 en 1999 par le Pr. Redouane Samlali et le Dr Omar Hajji, le groupe a cr\u00e9\u00e9 son premier centre \u00abLa Clinique le Littoral\u00bb en 2000 \u00e0 Casablanca. En 2016, Oncorad a mis en place le Centre d\u2019oncologie Majorelle [&hellip;]<\/p>\n","protected":false},"author":1763,"featured_media":0,"comment_status":"closed","ping_status":"closed","sticky":false,"template":"","format":"standard","meta":{"fifu_image_url":"","fifu_image_alt":"","footnotes":""},"categories":[78,54],"tags":[],"class_list":["post-29789","post","type-post","status-publish","format-standard","hentry","category-economie","category-maroc"],"_links":{"self":[{"href":"https:\/\/linitiative.ca\/International\/wp-json\/wp\/v2\/posts\/29789","targetHints":{"allow":["GET"]}}],"collection":[{"href":"https:\/\/linitiative.ca\/International\/wp-json\/wp\/v2\/posts"}],"about":[{"href":"https:\/\/linitiative.ca\/International\/wp-json\/wp\/v2\/types\/post"}],"author":[{"embeddable":true,"href":"https:\/\/linitiative.ca\/International\/wp-json\/wp\/v2\/users\/1763"}],"replies":[{"embeddable":true,"href":"https:\/\/linitiative.ca\/International\/wp-json\/wp\/v2\/comments?post=29789"}],"version-history":[{"count":0,"href":"https:\/\/linitiative.ca\/International\/wp-json\/wp\/v2\/posts\/29789\/revisions"}],"wp:attachment":[{"href":"https:\/\/linitiative.ca\/International\/wp-json\/wp\/v2\/media?parent=29789"}],"wp:term":[{"taxonomy":"category","embeddable":true,"href":"https:\/\/linitiative.ca\/International\/wp-json\/wp\/v2\/categories?post=29789"},{"taxonomy":"post_tag","embeddable":true,"href":"https:\/\/linitiative.ca\/International\/wp-json\/wp\/v2\/tags?post=29789"}],"curies":[{"name":"wp","href":"https:\/\/api.w.org\/{rel}","templated":true}]}}