{"id":29790,"date":"2019-04-24T04:15:45","date_gmt":"2019-04-24T08:15:45","guid":{"rendered":"https:\/\/linitiative.ca\/International\/forum-economique-tuniso-grec-les-liaisons-aeriennes-et-maritimes-obstacles-a-la-cooperation\/"},"modified":"2019-04-24T04:15:45","modified_gmt":"2019-04-24T08:15:45","slug":"forum-economique-tuniso-grec-les-liaisons-aeriennes-et-maritimes-obstacles-a-la-cooperation","status":"publish","type":"post","link":"https:\/\/linitiative.ca\/International\/forum-economique-tuniso-grec-les-liaisons-aeriennes-et-maritimes-obstacles-a-la-cooperation\/","title":{"rendered":"Forum \u00e9conomique tuniso-grec : Les liaisons a\u00e9riennes et maritimes obstacles \u00e0 la coop\u00e9ration"},"content":{"rendered":"<p>Le forum \u00e9conomique tuniso-grec a \u00e9t\u00e9 l\u2019occasion d\u2019explorer les opportunit\u00e9s existantes dans les deux pays. Des intervenants ont soulign\u00e9 la poursuite des signes de la reprise \u00e9conomique en Gr\u00e8ce depuis 2017, apr\u00e8s six ann\u00e9es de contraction li\u00e9e \u00e0 la crise d\u2019endettement qui s\u2019est d\u00e9clench\u00e9e en 2010.<\/p>\n<p>Le secr\u00e9taire d\u2019Etat aux Affaires \u00e9trang\u00e8res grec, TerensNikolaos Quick a estim\u00e9 que la reprise des liaisons a\u00e9riennes directes entre la Tunisie et la Gr\u00e8ce \u00e0 partir de juin 2019 (apr\u00e8s une suspension qui a dur\u00e9 7 ans) s\u2019inscrit dans le cadre de cette reprise \u00e9conomique.<\/p>\n<p>\u00ab La coop\u00e9ration \u00e9conomique entre la Tunisie et la Gr\u00e8ce n\u2019est aucunement \u00e0 l\u2019image de leurs relations politiques exemplaires malgr\u00e9 l\u2019existence de plusieurs domaines importants dans lesquels il est possible pour les deux pays, de nouer et de renforcer des partenariats \u00bb, a-t-il regrett\u00e9.<\/p>\n<p>Il a formul\u00e9 l\u2019espoir de voir s\u2019ouvrir des lignes maritimes directes entre la Tunisie et la Gr\u00e8ce.<\/p>\n<p>Le secr\u00e9taire d\u2019Etat aux Affaires Etrang\u00e8res, Sabri Bachtobji a estim\u00e9 que le lancement de lignes maritimes directes avec n\u2019importe quel pays ne peut \u00eatre que b\u00e9n\u00e9fique pour ces lignes.<\/p>\n<p>\u00ab Il existe un terrain favorable au d\u00e9veloppement des relations \u00e9conomiques entre la Tunisie et la Gr\u00e8ce \u00bb, a d\u00e9clar\u00e9 Bachtobji, rappelant l\u2019existence de plusieurs accords entre les deux pays dont le m\u00e9morandum d\u2019entente visant \u00e0 renforcer la coop\u00e9ration \u00e9conomique bilat\u00e9rale sign\u00e9 dans le cadre de ce forum.<\/p>\n<p>Les participants au forum ont \u00e9t\u00e9 unanimes, hier, \u00e0 souligner que le renforcement des liaisons a\u00e9riennes et maritimes directes entre la Tunisie et la Gr\u00e8ce est de nature \u00e0 d\u00e9velopper la coop\u00e9ration \u00e9conomique entre les deux pays.<\/p>\n<p>Le volume des \u00e9changes entre les deux pays n\u2019a pas d\u00e9pass\u00e9 les 341,5 mille euros en 2018, selon le Centre de Promotion des Exportations de la Tunisie (CEPEX).<\/p>\n<p>Le montant des exportations de la Tunisie vers la Gr\u00e8ce est estim\u00e9, quant \u00e0 lui, \u00e0 48,5 mille euros, d\u2019apr\u00e8s la m\u00eame source, Ces exportations sont compos\u00e9es de produits d\u00e9riv\u00e9s du p\u00e9trole ( 41.8%) et de ciment \u00ab Clinker \u00bb (8.4%).<\/p>\n<p>Les importations tunisiennes en provenance de ce pays s\u2019\u00e9l\u00e8vent \u00e0 293,2 mille euros en 2018. Elles sont compos\u00e9es de produits p\u00e9troliers raffin\u00e9s et de p\u00e9trole brut (plus de 50%), selon le CEPEX.<\/p>\n<p>En marge de ce forum organis\u00e9 au si\u00e8ge de l\u2019UTICA, un m\u00e9morandum d\u2019entente portant cr\u00e9ation d\u2019un conseil des Affaires tuniso-grec a \u00e9t\u00e9 sign\u00e9. Ce conseil sera pr\u00e9sid\u00e9 par le membre du bureau ex\u00e9cutif de l\u2019organisation patronale, Slim Ghorbal.<\/p>\n<p class=\"dpsp-share-text\">Partager c&rsquo;est aimer!<\/p>\n<div class=\"wp-post-author-wrap wp-post-author-shortcode left\">\n<h3 class=\"awpa-title\"\/>\n<div class=\"wp-post-author\">\n<div class=\"awpa-img awpa-author-block square\"><a href=\"http:\/\/lexpertjournal.net\/fr\/author\/expert\/\"><img loading=\"lazy\" decoding=\"async\" alt=\"\" src=\"http:\/\/2.gravatar.com\/avatar\/56d99be2a6f97af88ccb49fada637fcd?s=150&#038;d=mm&#038;r=g\" srcset=\"http:\/\/2.gravatar.com\/avatar\/56d99be2a6f97af88ccb49fada637fcd?s=300&#038;d=mm&#038;r=g 2x\" class=\"avatar avatar-150 photo\" height=\"150\" width=\"150\"\/><\/a><\/div>\n<\/div>\n<\/div>\n<p>Auteur: L&rsquo;expert<br \/>\n<a href=\"http:\/\/lexpertjournal.net\/fr\/2019\/04\/24\/forum-economique-tuniso-grec-les-liaisons-aeriennes-et-maritimes-obstacles-a-la-cooperation\/\">Cliquez ici pour lire l&rsquo;article depuis sa source.<\/a><\/p>\n","protected":false},"excerpt":{"rendered":"<p>Le forum \u00e9conomique tuniso-grec a \u00e9t\u00e9 l\u2019occasion d\u2019explorer les opportunit\u00e9s existantes dans les deux pays. Des intervenants ont soulign\u00e9 la poursuite des signes de la reprise \u00e9conomique en Gr\u00e8ce depuis 2017, apr\u00e8s six ann\u00e9es de contraction li\u00e9e \u00e0 la crise d\u2019endettement qui s\u2019est d\u00e9clench\u00e9e en 2010. Le secr\u00e9taire d\u2019Etat aux Affaires \u00e9trang\u00e8res grec, TerensNikolaos Quick [&hellip;]<\/p>\n","protected":false},"author":1775,"featured_media":0,"comment_status":"closed","ping_status":"closed","sticky":false,"template":"","format":"standard","meta":{"fifu_image_url":"","fifu_image_alt":"","footnotes":""},"categories":[78,55],"tags":[],"class_list":["post-29790","post","type-post","status-publish","format-standard","hentry","category-economie","category-tunisie"],"_links":{"self":[{"href":"https:\/\/linitiative.ca\/International\/wp-json\/wp\/v2\/posts\/29790","targetHints":{"allow":["GET"]}}],"collection":[{"href":"https:\/\/linitiative.ca\/International\/wp-json\/wp\/v2\/posts"}],"about":[{"href":"https:\/\/linitiative.ca\/International\/wp-json\/wp\/v2\/types\/post"}],"author":[{"embeddable":true,"href":"https:\/\/linitiative.ca\/International\/wp-json\/wp\/v2\/users\/1775"}],"replies":[{"embeddable":true,"href":"https:\/\/linitiative.ca\/International\/wp-json\/wp\/v2\/comments?post=29790"}],"version-history":[{"count":0,"href":"https:\/\/linitiative.ca\/International\/wp-json\/wp\/v2\/posts\/29790\/revisions"}],"wp:attachment":[{"href":"https:\/\/linitiative.ca\/International\/wp-json\/wp\/v2\/media?parent=29790"}],"wp:term":[{"taxonomy":"category","embeddable":true,"href":"https:\/\/linitiative.ca\/International\/wp-json\/wp\/v2\/categories?post=29790"},{"taxonomy":"post_tag","embeddable":true,"href":"https:\/\/linitiative.ca\/International\/wp-json\/wp\/v2\/tags?post=29790"}],"curies":[{"name":"wp","href":"https:\/\/api.w.org\/{rel}","templated":true}]}}