{"id":29792,"date":"2019-04-24T04:00:00","date_gmt":"2019-04-24T08:00:00","guid":{"rendered":"https:\/\/linitiative.ca\/International\/reformer-la-fiscalite-de-lentreprise-organisee-les-propositions-de-aida-ketata-et-saoussen-jammoussi\/"},"modified":"2019-04-24T04:00:00","modified_gmt":"2019-04-24T08:00:00","slug":"reformer-la-fiscalite-de-lentreprise-organisee-les-propositions-de-aida-ketata-et-saoussen-jammoussi","status":"publish","type":"post","link":"https:\/\/linitiative.ca\/International\/reformer-la-fiscalite-de-lentreprise-organisee-les-propositions-de-aida-ketata-et-saoussen-jammoussi\/","title":{"rendered":"<div>R\u00e9former la fiscalit\u00e9 de l&rsquo;entreprise organis\u00e9e: les propositions de Aida Ketata et Saoussen Jammoussi<\/div>"},"content":{"rendered":"<p>Universitaires, membres au centre d&rsquo;\u00e9tudes fiscales \u00e0 la Facult\u00e9 de Droit de Sfax Aida Ketata et Saoussen Jammoussi ont planch\u00e9 sur la pr\u00e9servation de la p\u00e9rennit\u00e9 de l\u2019entreprise tunisienne organis\u00e9e, la promotion de sa croissance et la consolidation de sa performance. L\u2019une des clefs essentielles, une r\u00e9forme de la fiscalit\u00e9 y appropri\u00e9e. C\u2019est ce qu\u2019elles exposent dans une \u00e9tude pr\u00e9sent\u00e9e \u00e0 l\u2019occasion du Forum de la Fiscalit\u00e9, organis\u00e9 par l\u2019IACE Sfax, jeudi 19 avril 2019.\u00a0<\/p>\n<h2>T\u00e9l\u00e9charger l\u2019\u00e9tude<\/h2>\n<p>En conclusion, elles formulent neuf recommandations :\u00a0<\/p>\n<ol>\n<li>Modifier l&rsquo;article 12 du CIR:\n<ol>\n<li>Remplacer le terme \u00ab\u00a0dans l&rsquo;int\u00e9r\u00eat de l&rsquo;exploitation\u00a0\u00bb par: dans l&rsquo;int\u00e9r\u00eat de l&rsquo;entreprise<\/li>\n<li>Aligner la d\u00e9ductibilit\u00e9 des provisions au r\u00e9gime comptable<\/li>\n<li>Instituer le r\u00e9gime des reports en arri\u00e8re des d\u00e9ficits<\/li>\n<\/ol>\n<\/li>\n<li>Modifier l&rsquo;article 49 du CIR\n<ol>\n<li>Instituer un taux pr\u00e9f\u00e9rentiel de l&rsquo;IS aux activit\u00e9s industrielles de 15%<\/li>\n<li>Instituer un taux de droit commun de 25%<\/li>\n<li>Instituer un taux pour les activit\u00e9s financi\u00e8res et d&rsquo;assurance de 35%<\/li>\n<\/ol>\n<\/li>\n<li>Supprimer le r\u00e9gime forfaitaire ou changer sa nature en imp\u00f4t local g\u00e9r\u00e9 par les collectivit\u00e9s locales\u00a0<\/li>\n<li>Modifier la norme comptable 43 pour rendre le r\u00e9gime r\u00e9el simplifi\u00e9 attractif<\/li>\n<li>Fusionner les pr\u00e9l\u00e8vements ayant la m\u00eame assiette \u00e0 l&rsquo;instar de: (la CSS et l&rsquo;IRPP) et la TFP et la contribution au FOPROLOS.<\/li>\n<li>Instituer le cr\u00e9dit imp\u00f4t pour la recherche<\/li>\n<li>Instituer le cr\u00e9dit d&rsquo;imp\u00f4t pour la comp\u00e9titivit\u00e9 et l&#8217;emploi<\/li>\n<li>Instituer la TVA sociale<\/li>\n<li>Moduler les acomptes provisionnels selon la conjoncture \u00e9conomique.<\/li>\n<\/ol>\n<p>Auteur:<br \/>\n<a href=\"https:\/\/www.leaders.com.tn\/article\/26950-reformer-la-fiscalite-de-l-entreprise-organisee-les-propositions-de-aida-ketata-et-saoussen-jammoussi\">Cliquez ici pour lire l&rsquo;article depuis sa source.<\/a><\/p>\n","protected":false},"excerpt":{"rendered":"<p>Universitaires, membres au centre d&rsquo;\u00e9tudes fiscales \u00e0 la Facult\u00e9 de Droit de Sfax Aida Ketata et Saoussen Jammoussi ont planch\u00e9 sur la pr\u00e9servation de la p\u00e9rennit\u00e9 de l\u2019entreprise tunisienne organis\u00e9e, la promotion de sa croissance et la consolidation de sa performance. L\u2019une des clefs essentielles, une r\u00e9forme de la fiscalit\u00e9 y appropri\u00e9e. C\u2019est ce qu\u2019elles [&hellip;]<\/p>\n","protected":false},"author":1772,"featured_media":0,"comment_status":"closed","ping_status":"closed","sticky":false,"template":"","format":"standard","meta":{"fifu_image_url":"","fifu_image_alt":"","footnotes":""},"categories":[73,55],"tags":[],"class_list":["post-29792","post","type-post","status-publish","format-standard","hentry","category-actualite","category-tunisie"],"_links":{"self":[{"href":"https:\/\/linitiative.ca\/International\/wp-json\/wp\/v2\/posts\/29792","targetHints":{"allow":["GET"]}}],"collection":[{"href":"https:\/\/linitiative.ca\/International\/wp-json\/wp\/v2\/posts"}],"about":[{"href":"https:\/\/linitiative.ca\/International\/wp-json\/wp\/v2\/types\/post"}],"author":[{"embeddable":true,"href":"https:\/\/linitiative.ca\/International\/wp-json\/wp\/v2\/users\/1772"}],"replies":[{"embeddable":true,"href":"https:\/\/linitiative.ca\/International\/wp-json\/wp\/v2\/comments?post=29792"}],"version-history":[{"count":0,"href":"https:\/\/linitiative.ca\/International\/wp-json\/wp\/v2\/posts\/29792\/revisions"}],"wp:attachment":[{"href":"https:\/\/linitiative.ca\/International\/wp-json\/wp\/v2\/media?parent=29792"}],"wp:term":[{"taxonomy":"category","embeddable":true,"href":"https:\/\/linitiative.ca\/International\/wp-json\/wp\/v2\/categories?post=29792"},{"taxonomy":"post_tag","embeddable":true,"href":"https:\/\/linitiative.ca\/International\/wp-json\/wp\/v2\/tags?post=29792"}],"curies":[{"name":"wp","href":"https:\/\/api.w.org\/{rel}","templated":true}]}}