{"id":29795,"date":"2019-04-24T05:11:25","date_gmt":"2019-04-24T09:11:25","guid":{"rendered":"https:\/\/linitiative.ca\/International\/850-000-mre-y-sont-attendus\/"},"modified":"2019-04-24T05:11:25","modified_gmt":"2019-04-24T09:11:25","slug":"850-000-mre-y-sont-attendus","status":"publish","type":"post","link":"https:\/\/linitiative.ca\/International\/850-000-mre-y-sont-attendus\/","title":{"rendered":"850.000 MRE y sont attendus\u2026"},"content":{"rendered":"<p><img decoding=\"async\" class=\"post_layout_5_img\" src=\"http:\/\/aujourdhui.ma\/wp-content\/uploads\/2019\/04\/MRE-Abdelkrim-Benoutiq.jpg?x29840\" alt=\"850.000 MRE y sont attendus\u2026\"\/><\/p>\n<p class=\"p1\"><span class=\"c4\"><span class=\"s1\"><strong>Un Guichet unique mobile\u00a0<\/strong><\/span><span class=\"s1\"><strong>sera ouvert pour eux en Espagne<\/strong><\/span><\/span><span id=\"more-309797\"\/><\/p>\n<div class=\"base-box mom_box_sc_custom mom_box_sc clear c5\" readability=\"8\">\n<p class=\"p1\"><span class=\"s1\"><em>Cette ouverture fait partie d\u2019un programme qui sera mis en \u0153uvre en Espagne en premier lieu avant de le g\u00e9n\u00e9raliser dans l\u2019avenir pour englober d\u2019autres pays.<\/em><\/span><\/p>\n<\/div>\n<p class=\"p1\"><span class=\"s1\">Un Guichet unique mobile d\u00e9di\u00e9 aux Marocains r\u00e9sidant \u00e0 l\u2019\u00e9tranger (MRE). Il prendra ses quartiers du 2 au 5 mai en Espagne. Le minist\u00e8re charg\u00e9 des MRE et des affaires de la migration, qui en fait l\u2019annonce, pr\u00e9cise que cette structure, destin\u00e9e \u00e0 servir nos compatriotes, sera ouverte dans les diff\u00e9rentes circonscriptions consulaires de ce Royaume. Il s\u2019agit notamment de celle de Malaga, Almeria, Barcelone, Bilbao, G\u00e9rone, Las Palmas, Madrid, Majorque, S\u00e9ville, Tarragone et Valence. Selon le d\u00e9partement d\u2019Abdelkrim Benoutiq, cette ouverture fait partie d\u2019un <em>\u00abprogramme qui sera mis en \u0153uvre en Espagne en premier lieu avant de le g\u00e9n\u00e9raliser dans l\u2019avenir pour englober d\u2019autres pays\u00bb<\/em>. L\u2019objectif \u00e9tant d\u2019accompagner et de suivre de pr\u00e8s les conditions des Marocains en Espagne.<span class=\"Apple-converted-space\">\u00a0 \u00a0<\/span><\/span><\/p>\n<p class=\"p3\"><strong>Un grand nombre\u00a0de Marocains concern\u00e9<\/strong><\/p>\n<p class=\"p1\"><span class=\"s1\">Le minist\u00e8re, qui prend appui sur les registres consulaires, pr\u00e9cise que les Marocains d\u2019Espagne constituent une part importante parmi les Marocains du monde. <em>\u00abIls se chiffrent \u00e0 environ 850.000\u00bb<\/em>. La m\u00eame source indique \u00e9galement que ledit programme vise aussi \u00e0 sensibiliser les MRE aux questions qui les int\u00e9ressent qu\u2019elles soient sociales, culturelles, \u00e9conomiques ou administratives. Une d\u00e9marche qui sera concr\u00e9tis\u00e9e par la mobilisation des diff\u00e9rentes institutions concern\u00e9es par les affaires des Marocains du monde. Ainsi, ce programme sera marqu\u00e9 par la participation, entre autres, des repr\u00e9sentations diplomatiques et consulaires du Maroc en Espagne, du minist\u00e8re de la justice, de celui de l\u2019\u00e9quipement, du transport, de la logistique et de l\u2019eau (secteur du transport) et de l\u2019Agence nationale de la conservation fonci\u00e8re, du cadastre et de la cartographie. A leur tour, l\u2019Administration des douanes et imp\u00f4ts indirects, la Caisse centrale de garantie, la CNSS et l\u2019Ircam sont associ\u00e9s au programme.<\/span><\/p>\n<p class=\"p3\"><strong>Un guichet qui co\u00efncide\u00a0avec les vacances<\/strong><\/p>\n<p class=\"p1\"><span class=\"s1\">D\u00e9j\u00e0, cette initiative intervient en r\u00e9ponse aux Hautes orientations royales concernant l\u2019am\u00e9lioration des diff\u00e9rents services administratifs offerts aux MRE. Dans ce sens, les initiateurs citent le discours royal du 30 juillet 2015. <em>\u00abEtant donn\u00e9 que le Guichet unique mobile destin\u00e9 \u00e0 servir les Marocains du monde en Espagne co\u00efncide avec la veille de leur retour au pays pour passer les vacances d\u2019\u00e9t\u00e9, ce lancement constituera une occasion pour interagir de pr\u00e8s avec eux autour des diff\u00e9rents services qui les concernent\u00bb<\/em>, encha\u00eenent les initiateurs. Ces prestations consistent, selon la m\u00eame source, en des cellules de permanence, programmes d\u2019accompagnement estival durant le s\u00e9jour des MRE au Maroc ainsi que le guichet consacr\u00e9 aux Marocains du monde qui a \u00e9t\u00e9 cr\u00e9\u00e9 dans les diff\u00e9rentes administrations, institutions publiques et collectivit\u00e9s territoriales. Aussi, des rencontres sont pr\u00e9vues dans le cadre du m\u00eame programme. Celles-ci constitueront, selon le minist\u00e8re, une opportunit\u00e9 pour pr\u00e9senter les nouveaux services offerts aux MRE par les secteurs et institutions publiques concern\u00e9es par les affaires des Marocains du monde apr\u00e8s, notamment, adaptation de ces secteurs aux besoins de cette cat\u00e9gorie de citoyens. <em>\u00abDe nouveaux m\u00e9canismes ont \u00e9t\u00e9 dispens\u00e9s pour traiter les diff\u00e9rents d\u00e9fis inh\u00e9rents aux services offerts \u00e0 ces usagers\u00bb<\/em>, d\u00e9taille le ministre.<\/span><\/p>\n<p class=\"p1\"><span class=\"c7\"><strong><span class=\"s1 c6\">Partenariat<\/span><\/strong><\/span><\/p>\n<p class=\"p1\"><a href=\"http:\/\/aujourdhui.ma\/wp-content\/uploads\/2019\/04\/MRE-Transit.jpg?x29840\"><img loading=\"lazy\" decoding=\"async\" class=\"wp-image-309804 alignleft\" src=\"http:\/\/aujourdhui.ma\/wp-content\/uploads\/2019\/04\/MRE-Transit.jpg?x29840\" alt=\"\" width=\"427\" height=\"217\" srcset=\"http:\/\/aujourdhui.ma\/wp-content\/uploads\/2019\/04\/MRE-Transit.jpg 746w, http:\/\/aujourdhui.ma\/wp-content\/uploads\/2019\/04\/MRE-Transit-300x153.jpg 300w\" sizes=\"auto, (max-width: 427px) 100vw, 427px\"\/><\/a>Partant de la strat\u00e9gie du minist\u00e8re d\u00e9l\u00e9gu\u00e9 charg\u00e9 des Marocains r\u00e9sidant \u00e0 l\u2019\u00e9tranger et des affaires de la migration pour l\u2019am\u00e9lioration de la qualit\u00e9 des services rendus \u00e0 nos<span class=\"Apple-converted-space\">\u00a0<\/span> Marocains du monde (MDM) ainsi que la structuration du tissu associatif des MDM \u00e0 l\u2019\u00e9tranger, le minist\u00e8re a mis en place un programme de renforcement des capacit\u00e9s des associations visant la mise \u00e0 niveau des capacit\u00e9s individuelles, organisationnelles et institutionnelles et le renforcement de leur capacit\u00e9 en mati\u00e8re d\u2019accompagnement des diff\u00e9rents groupes des MDM.<\/p>\n<p class=\"p1\">Ce programme a pour objectifs de renforcer les capacit\u00e9s des acteurs associatifs en mati\u00e8re d\u2019ing\u00e9nierie de projets par pays et en groupes sp\u00e9cialis\u00e9s et de permettre le transfert de comp\u00e9tence et la capitalisation des exp\u00e9riences r\u00e9ussies. Dans le cadre de la mise en \u0153uvre de la strat\u00e9gie du gouvernement en faveur des Marocains du monde, le minist\u00e8re d\u00e9l\u00e9gu\u00e9 charg\u00e9 des Marocains r\u00e9sidant \u00e0 l\u2019\u00e9tranger et des affaires de la migration a \u00e9galement d\u00e9velopp\u00e9 un ambitieux programme de partenariat avec le tissu associatif des Marocains du monde.<\/p>\n<div class=\"base-box mom_box_sc_custom mom_box_sc clear c9\" readability=\"22\">\n<p class=\"p1\"><span class=\"c8\"><strong><span class=\"s1\">Attributions<\/span><\/strong><\/span><\/p>\n<p class=\"p1\"><span class=\"s1\"><a href=\"http:\/\/aujourdhui.ma\/wp-content\/uploads\/2016\/07\/MRE-MAroc.jpg?x29840\"><img loading=\"lazy\" decoding=\"async\" class=\"wp-image-240809 alignleft\" src=\"http:\/\/aujourdhui.ma\/wp-content\/uploads\/2016\/07\/MRE-MAroc.jpg?x29840\" alt=\"\" width=\"383\" height=\"195\" srcset=\"http:\/\/aujourdhui.ma\/wp-content\/uploads\/2016\/07\/MRE-MAroc.jpg 746w, http:\/\/aujourdhui.ma\/wp-content\/uploads\/2016\/07\/MRE-MAroc-300x153.jpg 300w\" sizes=\"auto, (max-width: 383px) 100vw, 383px\"\/><\/a>Le minist\u00e8re d\u00e9l\u00e9gu\u00e9 charg\u00e9 des Marocains r\u00e9sidant \u00e0 l\u2019\u00e9tranger et des affaires de la migration pr\u00e9pare et met en \u0153uvre la politique gouvernementale concernant les Marocains r\u00e9sidant \u00e0 l\u2019\u00e9tranger et les migrants au Maroc, en coordination avec les secteurs minist\u00e9riels et les institutions concern\u00e9es \u00e0 l\u2019int\u00e9rieur et \u00e0 l\u2019ext\u00e9rieur du Maroc.<\/span><\/p>\n<p class=\"p1\"><span class=\"s1\">Dans ce sens, le minist\u00e8re accomplit de nombreuses missions, notamment le renforcement de la solidarit\u00e9 et promouvoir l\u2019action sociale au profit des Marocains du monde ; la pr\u00e9servation et la consolidation de l\u2019identit\u00e9 marocaine ; la promotion des services publics au profit des Marocains du monde ; la facilitation de l\u2019int\u00e9gration dans les pays d\u2019accueil sans oublier la mobilisation des Marocains pour contribuer au d\u00e9veloppement des domaines connus au Maroc et la pr\u00e9paration de la politique gouvernementale en mati\u00e8re de migration et d\u2019int\u00e9gration des immigrants et des r\u00e9fugi\u00e9s et en assurer la mise en \u0153uvre.<\/span><\/p>\n<p class=\"p1\"><span class=\"s1\">Le minist\u00e8re \u00e9tablit, en outre, une gouvernance judicieuse pour le syst\u00e8me d\u2019immigration.<\/span><\/p>\n<\/div>\n<p>Auteur: Salima Guisser<br \/>\n<a href=\"http:\/\/aujourdhui.ma\/societe\/850-000-mre-y-sont-attendus\">Cliquez ici pour lire l&rsquo;article depuis sa source.<\/a><\/p>\n","protected":false},"excerpt":{"rendered":"<p>Un Guichet unique mobile\u00a0sera ouvert pour eux en Espagne Cette ouverture fait partie d\u2019un programme qui sera mis en \u0153uvre en Espagne en premier lieu avant de le g\u00e9n\u00e9raliser dans l\u2019avenir pour englober d\u2019autres pays. Un Guichet unique mobile d\u00e9di\u00e9 aux Marocains r\u00e9sidant \u00e0 l\u2019\u00e9tranger (MRE). Il prendra ses quartiers du 2 au 5 mai [&hellip;]<\/p>\n","protected":false},"author":1759,"featured_media":0,"comment_status":"closed","ping_status":"closed","sticky":false,"template":"","format":"standard","meta":{"fifu_image_url":"","fifu_image_alt":"","footnotes":""},"categories":[73,54],"tags":[],"class_list":["post-29795","post","type-post","status-publish","format-standard","hentry","category-actualite","category-maroc"],"_links":{"self":[{"href":"https:\/\/linitiative.ca\/International\/wp-json\/wp\/v2\/posts\/29795","targetHints":{"allow":["GET"]}}],"collection":[{"href":"https:\/\/linitiative.ca\/International\/wp-json\/wp\/v2\/posts"}],"about":[{"href":"https:\/\/linitiative.ca\/International\/wp-json\/wp\/v2\/types\/post"}],"author":[{"embeddable":true,"href":"https:\/\/linitiative.ca\/International\/wp-json\/wp\/v2\/users\/1759"}],"replies":[{"embeddable":true,"href":"https:\/\/linitiative.ca\/International\/wp-json\/wp\/v2\/comments?post=29795"}],"version-history":[{"count":0,"href":"https:\/\/linitiative.ca\/International\/wp-json\/wp\/v2\/posts\/29795\/revisions"}],"wp:attachment":[{"href":"https:\/\/linitiative.ca\/International\/wp-json\/wp\/v2\/media?parent=29795"}],"wp:term":[{"taxonomy":"category","embeddable":true,"href":"https:\/\/linitiative.ca\/International\/wp-json\/wp\/v2\/categories?post=29795"},{"taxonomy":"post_tag","embeddable":true,"href":"https:\/\/linitiative.ca\/International\/wp-json\/wp\/v2\/tags?post=29795"}],"curies":[{"name":"wp","href":"https:\/\/api.w.org\/{rel}","templated":true}]}}