{"id":29799,"date":"2019-04-24T05:13:51","date_gmt":"2019-04-24T09:13:51","guid":{"rendered":"https:\/\/linitiative.ca\/International\/commissions-parlementaires-les-nouveaux-presidents-elus\/"},"modified":"2019-04-24T05:13:51","modified_gmt":"2019-04-24T09:13:51","slug":"commissions-parlementaires-les-nouveaux-presidents-elus","status":"publish","type":"post","link":"https:\/\/linitiative.ca\/International\/commissions-parlementaires-les-nouveaux-presidents-elus\/","title":{"rendered":"Commissions parlementaires : Les nouveaux pr\u00e9sidents \u00e9lus"},"content":{"rendered":"<p><img decoding=\"async\" class=\"post_layout_5_img\" src=\"http:\/\/aujourdhui.ma\/wp-content\/uploads\/2019\/04\/Maroc-Chambre-des-repre%CC%81sentants-Commissions-parlementaires.jpg?x29840\" alt=\"Commissions parlementaires : Les nouveaux pr\u00e9sidents \u00e9lus\"\/><\/p>\n<p class=\"p1\"><span class=\"s1\"><span class=\"c4\"><strong>Les nouveaux pr\u00e9sidents des commissions parlementaires de la premi\u00e8re Chambre sont d\u00e9sormais connus.<\/strong><\/span><\/span><span id=\"more-309802\"\/><\/p>\n<p class=\"p1\"><span class=\"s1\">Sans grande surprise, la commission des affaires \u00e9trang\u00e8res, de la d\u00e9fense nationale, des affaires islamiques et des MRE sera dirig\u00e9e par le Parti de la justice et du d\u00e9veloppement (PJD) alors que le Parti authenticit\u00e9 et modernit\u00e9 (PAM) a h\u00e9rit\u00e9 de la commission de l\u2019int\u00e9rieur, des collectivit\u00e9s territoriales, de l\u2019habitat et de la politique de la ville tout comme la Commission de justice, de l\u00e9gislation et des droits de l\u2019Homme. Le PJD a, en outre, gard\u00e9 le contr\u00f4le de la Commission des finances et du d\u00e9veloppement \u00e9conomique.<\/span><\/p>\n<p class=\"p1\"><span class=\"s1\">La commission des secteurs sociaux sera pr\u00e9sid\u00e9e, quant \u00e0 elle, par le parti de l\u2019Istiqlal alors que la commission des secteurs productifs aura un pr\u00e9sident du Rassemblement national des ind\u00e9pendants. Le Mouvement populaire a \u00e9t\u00e9 \u00e9lu \u00e0 la t\u00eate de la commission des infrastructures, de l\u2019\u00e9nergie, des mines et de l\u2019environnement, au moment o\u00f9 l\u2019Union nationale des forces populaires (USFP) a h\u00e9rit\u00e9 de la commission de l\u2019enseignement, de la culture et de la communication. Enfin, la commission du contr\u00f4le des finances publiques sera du ressort du PJD. Il faut dire que cette derni\u00e8re commission a connu une bataille tr\u00e8s rude entre les pjdistes d\u2019un c\u00f4t\u00e9 et les membres du groupement du Parti du progr\u00e8s et du socialisme (PPS). M\u00eame si le parti du livre a demand\u00e9 le soutien du parti de la lampe, ce dernier a pr\u00e9f\u00e9r\u00e9 garder la pr\u00e9sidence de la commission du contr\u00f4le des finances publiques, ce qui est de nature \u00e0 rendre les relations entre les deux partis encore plus tendues. A noter enfin que le r\u00e8glement int\u00e9rieur de la Chambre des repr\u00e9sentants d\u00e9termine le nombre de commissions permanentes, leur composition et leurs attributions.<\/span><\/p>\n<p class=\"p1\"><span class=\"s1\">Le nombre de commissions parlementaires permanentes, dans le mandat l\u00e9gislatif actuel, est de neuf (article 55), leurs pr\u00e9sidents sont \u00e9lus au d\u00e9but de la p\u00e9riode l\u00e9gislative et \u00e0 la session d\u2019avril de la troisi\u00e8me ann\u00e9e de cette p\u00e9riode (article 58). Pour rappel, les d\u00e9put\u00e9s avaient r\u00e9\u00e9lu Habib El Malki de l\u2019Union socialiste des forces populaires (USFP) comme pr\u00e9sident de la Chambre des repr\u00e9sentants, lors d\u2019une s\u00e9ance pl\u00e9ni\u00e8re \u00e0 l\u2019occasion de l\u2019ouverture de la session printani\u00e8re de la Chambre. M. El Malki \u00e9tait le seul candidat \u00e0 sa propre succession.<\/span><\/p>\n<p class=\"p1\"><span class=\"s1\">La s\u00e9ance d\u2019\u00e9lection s\u2019est tenue conform\u00e9ment aux dispositions de l\u2019alin\u00e9a 3 de l\u2019article 62 de la Constitution et des articles 24, 25 et 26 du r\u00e8glement int\u00e9rieur de la premi\u00e8re Chambre du Parlement.<\/span><\/p>\n<p>Auteur: ALM<br \/>\n<a href=\"http:\/\/aujourdhui.ma\/politique\/commissions-parlementaires-les-nouveaux-presidents-elus\">Cliquez ici pour lire l&rsquo;article depuis sa source.<\/a><\/p>\n","protected":false},"excerpt":{"rendered":"<p>Les nouveaux pr\u00e9sidents des commissions parlementaires de la premi\u00e8re Chambre sont d\u00e9sormais connus. Sans grande surprise, la commission des affaires \u00e9trang\u00e8res, de la d\u00e9fense nationale, des affaires islamiques et des MRE sera dirig\u00e9e par le Parti de la justice et du d\u00e9veloppement (PJD) alors que le Parti authenticit\u00e9 et modernit\u00e9 (PAM) a h\u00e9rit\u00e9 de la [&hellip;]<\/p>\n","protected":false},"author":1759,"featured_media":0,"comment_status":"closed","ping_status":"closed","sticky":false,"template":"","format":"standard","meta":{"fifu_image_url":"","fifu_image_alt":"","footnotes":""},"categories":[73,54],"tags":[],"class_list":["post-29799","post","type-post","status-publish","format-standard","hentry","category-actualite","category-maroc"],"_links":{"self":[{"href":"https:\/\/linitiative.ca\/International\/wp-json\/wp\/v2\/posts\/29799","targetHints":{"allow":["GET"]}}],"collection":[{"href":"https:\/\/linitiative.ca\/International\/wp-json\/wp\/v2\/posts"}],"about":[{"href":"https:\/\/linitiative.ca\/International\/wp-json\/wp\/v2\/types\/post"}],"author":[{"embeddable":true,"href":"https:\/\/linitiative.ca\/International\/wp-json\/wp\/v2\/users\/1759"}],"replies":[{"embeddable":true,"href":"https:\/\/linitiative.ca\/International\/wp-json\/wp\/v2\/comments?post=29799"}],"version-history":[{"count":0,"href":"https:\/\/linitiative.ca\/International\/wp-json\/wp\/v2\/posts\/29799\/revisions"}],"wp:attachment":[{"href":"https:\/\/linitiative.ca\/International\/wp-json\/wp\/v2\/media?parent=29799"}],"wp:term":[{"taxonomy":"category","embeddable":true,"href":"https:\/\/linitiative.ca\/International\/wp-json\/wp\/v2\/categories?post=29799"},{"taxonomy":"post_tag","embeddable":true,"href":"https:\/\/linitiative.ca\/International\/wp-json\/wp\/v2\/tags?post=29799"}],"curies":[{"name":"wp","href":"https:\/\/api.w.org\/{rel}","templated":true}]}}