{"id":29806,"date":"2019-04-23T18:05:39","date_gmt":"2019-04-23T22:05:39","guid":{"rendered":"https:\/\/linitiative.ca\/International\/g5-sahel-en-quete-dune-strategie-integree-jeunesse\/"},"modified":"2019-04-23T18:05:39","modified_gmt":"2019-04-23T22:05:39","slug":"g5-sahel-en-quete-dune-strategie-integree-jeunesse","status":"publish","type":"post","link":"https:\/\/linitiative.ca\/International\/g5-sahel-en-quete-dune-strategie-integree-jeunesse\/","title":{"rendered":"G5 Sahel : En qu\u00eate d\u2019une strat\u00e9gie int\u00e9gr\u00e9e jeunesse"},"content":{"rendered":"<div class=\"td-post-featured-image\"><a href=\"https:\/\/i1.wp.com\/www.sidwaya.info\/wp-content\/uploads\/2019\/04\/G5-Sahel.jpg?fit=600%2C403&#038;ssl=1\" data-caption=\"\"><img loading=\"lazy\" decoding=\"async\" width=\"600\" height=\"403\" class=\"entry-thumb td-modal-image\" src=\"https:\/\/i1.wp.com\/www.sidwaya.info\/wp-content\/uploads\/2019\/04\/G5-Sahel.jpg?resize=600%2C403&#038;ssl=1\" srcset=\"https:\/\/i1.wp.com\/www.sidwaya.info\/wp-content\/uploads\/2019\/04\/G5-Sahel.jpg?w=600&#038;ssl=1 600w, https:\/\/i1.wp.com\/www.sidwaya.info\/wp-content\/uploads\/2019\/04\/G5-Sahel.jpg?resize=300%2C202&#038;ssl=1 300w\" sizes=\"auto, (max-width: 600px) 100vw, 600px\" alt=\"\" title=\"G5-Sahel\"\/><\/a><\/div>\n<div class=\"td-a-rec td-a-rec-id-content_top td_uid_30_5cc04b4db9e0b_rand td_block_template_1\"><img loading=\"lazy\" decoding=\"async\" class=\"aligncenter size-full wp-image-4463\" src=\"https:\/\/www.sidwaya.info\/wp-content\/uploads\/2019\/02\/FESPACO-TOUR-2019-Bannie%CC%80re-728x90-1.jpg\" alt=\"\" width=\"728\" height=\"90\"\/><\/div>\n<p><strong>Le G5 Sahel organise, du 23 au 25 avril 2019, une rencontre r\u00e9gionale pour la validation de la strat\u00e9gie int\u00e9gr\u00e9e jeunesse et d\u2019un plan d\u2019action (SIJ-PA). Le lancement des travaux a eu lieu \u00e0 Ouagadougou et aboutira \u00e0 la mise en place du r\u00e9seau des jeunes du G5 Sahel.<\/strong><\/p>\n<p>Les difficult\u00e9s auxquelles les jeunes du Sahel font face peuvent constituer un terrain fertile pour le terrorisme, si bien que le G5 Sahel veut impliquer davantage les jeunes dans les politiques de d\u00e9veloppements pour une r\u00e9ponse globale contre le fl\u00e9au.<\/p>\n<p>A cet effet, le Secr\u00e9tariat permanant de l\u2019organisation veut se doter d\u2019une strat\u00e9gie int\u00e9gr\u00e9e jeunesse et d\u2019un plan d\u2019action ((SIJ-PA) pour les pays du Sahel. C\u2019est l\u2019objet de la rencontre r\u00e9gionale de validation technique des propositions, qui se tient du 23 au 25 avril \u00e0 Ouagadougou. L\u2019objectif de cette rencontre est selon le secr\u00e9taire permanant du G5 Sahel, Maman Sambo Sidikou, de valider la strat\u00e9gie jeunesse du G5 Sahel et son plan d\u2019action et mettre en place officiellement du r\u00e9seau des jeunes du G5 Sahel.<\/p>\n<p>Ce rendez-vous de Ouagadougou se fixe pour mission de diagnostiquer les probl\u00e8mes des jeunes, identifier des solutions et de d\u00e9velopper des synergies entre les dispositifs locaux, nationaux, r\u00e9gionaux et internationaux pour r\u00e9pondre \u00e0 la probl\u00e9matique jeunesse, Aussi, il envisage axer les actions du G5 Sahel sur les points de convergence entre les diff\u00e9rents pays membres et les pays limitrophes. Pour l\u2019ambassadeur chef de mission de l\u2019Union europ\u00e9enne, Jean Lamy,\u00a0cette rencontre marque une \u00e9tape d\u00e9cisive dans la mise en \u0153uvre de la seconde phase du projet\u00a0\u00ab\u00a0la voix des jeunes du sahel\u00a0\u00bb.<\/p>\n<p>Selon lui, la validation de la SIJ-PA rentre dans le cadre de la deuxi\u00e8me phase de ce projet au m\u00eame titre que la mise en place du r\u00e9seau des jeunes du G5 Sahel. Cette strat\u00e9gie\u00a0 a \u00e9t\u00e9 mise en \u0153uvre par le centre pour le dialoguer humanitaire (HD) avec le soutien de Royaume du Danemark et de l\u2019Union europ\u00e9enne. La phase 2 vise la poursuite de l\u2019int\u00e9gration des organisations de jeunesse des pays du G5 Sahel dans les processus d\u2019\u00e9laboration et de mise en \u0153uvre des politiques de d\u00e9veloppement en leur faveur.<\/p>\n<p>Le ministre de la Jeunesse et de la Promotion de l\u2019entrepreneuriat des jeunes, Salifo Tiemtor\u00e9, repr\u00e9sentant le Premier ministre, Christophe Joseph Marie Dabir\u00e9, a insist\u00e9 sur la place \u00ab\u00a0centrale\u00a0\u00bb de la jeunesse dans le d\u00e9veloppement de l\u2019Afrique. \u00ab\u00a0Apr\u00e8s cette validation nous allons passer aux actions pour renforcer le dispositif du d\u00e9veloppement sur le terrain et cela passe n\u00e9cessairement par la jeunesse\u00a0\u00bb, a-t-il dit.<\/p>\n<p>Quant au pr\u00e9sident du Conseil national de la jeunesse, Moumouni Dialla, il a indiqu\u00e9 que la mise en place de la coordination va permettre une meilleure implication des jeunes dans les actions du G5 Sahel. \u00ab\u00a0Aujourd\u2019hui la jeunesse constitue la majorit\u00e9 des populations du sahel, elle doit \u00eatre le premier partenaire surtout dans l\u2019op\u00e9rationnalisation de ce plan strat\u00e9gique\u00a0\u00bb, a-t-il confi\u00e9.<\/p>\n<p>Cette rencontre se tient conform\u00e9ment \u00e0 la volont\u00e9 des chefs-d\u2019Etat des pays du G5 Sahel exprim\u00e9es lors des sommets du 20 novembre 2015 \u00e0 N\u2019Djamena au Tchad et \u00e0 la d\u00e9claration de Bamako sur la jeunesse le 28 avril 2016. L\u2019\u00e9laboration de la strat\u00e9gie devrait au terme de la validation permettre de prendre en charge les d\u00e9fis de la jeunesse du Sahel par des projets transfrontaliers, innovants, porteurs de perspectives d\u2019auto emploi ou d\u2019autonomisation.<\/p>\n<p><strong>Arnaud Fid\u00e8le YAMEOGO<\/strong><br \/><em>(Stagiaire)<\/em><\/p>\n<div class=\"td-a-rec td-a-rec-id-content_bottom td_uid_31_5cc04b4dba06d_rand td_block_template_1\"><img loading=\"lazy\" decoding=\"async\" class=\"alignright size-full wp-image-1724\" src=\"https:\/\/www.sidwaya.info\/wp-content\/uploads\/2018\/12\/sidwaya-pub.jpg\" alt=\"\" width=\"720\" height=\"90\"\/><\/div>\n<p>Auteur: DB. Sidwaya<br \/>\n<a href=\"https:\/\/www.sidwaya.info\/blog\/2019\/04\/23\/g5-sahel-en-quete-dune-strategie-integree-jeunesse\/\">Cliquez ici pour lire l&rsquo;article depuis sa source.<\/a><\/p>\n","protected":false},"excerpt":{"rendered":"<p>Le G5 Sahel organise, du 23 au 25 avril 2019, une rencontre r\u00e9gionale pour la validation de la strat\u00e9gie int\u00e9gr\u00e9e jeunesse et d\u2019un plan d\u2019action (SIJ-PA). Le lancement des travaux a eu lieu \u00e0 Ouagadougou et aboutira \u00e0 la mise en place du r\u00e9seau des jeunes du G5 Sahel. Les difficult\u00e9s auxquelles les jeunes du [&hellip;]<\/p>\n","protected":false},"author":1816,"featured_media":0,"comment_status":"closed","ping_status":"closed","sticky":false,"template":"","format":"standard","meta":{"fifu_image_url":"","fifu_image_alt":"","footnotes":""},"categories":[73,81],"tags":[],"class_list":["post-29806","post","type-post","status-publish","format-standard","hentry","category-actualite","category-burkina-faso"],"_links":{"self":[{"href":"https:\/\/linitiative.ca\/International\/wp-json\/wp\/v2\/posts\/29806","targetHints":{"allow":["GET"]}}],"collection":[{"href":"https:\/\/linitiative.ca\/International\/wp-json\/wp\/v2\/posts"}],"about":[{"href":"https:\/\/linitiative.ca\/International\/wp-json\/wp\/v2\/types\/post"}],"author":[{"embeddable":true,"href":"https:\/\/linitiative.ca\/International\/wp-json\/wp\/v2\/users\/1816"}],"replies":[{"embeddable":true,"href":"https:\/\/linitiative.ca\/International\/wp-json\/wp\/v2\/comments?post=29806"}],"version-history":[{"count":0,"href":"https:\/\/linitiative.ca\/International\/wp-json\/wp\/v2\/posts\/29806\/revisions"}],"wp:attachment":[{"href":"https:\/\/linitiative.ca\/International\/wp-json\/wp\/v2\/media?parent=29806"}],"wp:term":[{"taxonomy":"category","embeddable":true,"href":"https:\/\/linitiative.ca\/International\/wp-json\/wp\/v2\/categories?post=29806"},{"taxonomy":"post_tag","embeddable":true,"href":"https:\/\/linitiative.ca\/International\/wp-json\/wp\/v2\/tags?post=29806"}],"curies":[{"name":"wp","href":"https:\/\/api.w.org\/{rel}","templated":true}]}}