{"id":29816,"date":"2019-04-23T18:08:59","date_gmt":"2019-04-23T22:08:59","guid":{"rendered":"https:\/\/linitiative.ca\/International\/lutte-contre-le-paludisme-une-distribution-de-moustiquaires-annoncee-pour-juin\/"},"modified":"2019-04-23T18:08:59","modified_gmt":"2019-04-23T22:08:59","slug":"lutte-contre-le-paludisme-une-distribution-de-moustiquaires-annoncee-pour-juin","status":"publish","type":"post","link":"https:\/\/linitiative.ca\/International\/lutte-contre-le-paludisme-une-distribution-de-moustiquaires-annoncee-pour-juin\/","title":{"rendered":"Lutte contre le paludisme : Une distribution de moustiquaires annonc\u00e9e pour juin"},"content":{"rendered":"<div class=\"td-post-featured-image\"><a href=\"https:\/\/i2.wp.com\/www.sidwaya.info\/wp-content\/uploads\/2019\/04\/Claudine.jpg?fit=600%2C422&#038;ssl=1\" data-caption=\"\"><img loading=\"lazy\" decoding=\"async\" width=\"600\" height=\"422\" class=\"entry-thumb td-modal-image\" src=\"https:\/\/i2.wp.com\/www.sidwaya.info\/wp-content\/uploads\/2019\/04\/Claudine.jpg?resize=600%2C422&#038;ssl=1\" srcset=\"https:\/\/i2.wp.com\/www.sidwaya.info\/wp-content\/uploads\/2019\/04\/Claudine.jpg?w=600&#038;ssl=1 600w, https:\/\/i2.wp.com\/www.sidwaya.info\/wp-content\/uploads\/2019\/04\/Claudine.jpg?resize=300%2C211&#038;ssl=1 300w, https:\/\/i2.wp.com\/www.sidwaya.info\/wp-content\/uploads\/2019\/04\/Claudine.jpg?resize=100%2C70&#038;ssl=1 100w, https:\/\/i2.wp.com\/www.sidwaya.info\/wp-content\/uploads\/2019\/04\/Claudine.jpg?resize=597%2C420&#038;ssl=1 597w\" sizes=\"auto, (max-width: 600px) 100vw, 600px\" alt=\"\" title=\"Claudine\"\/><\/a><\/div>\n<div class=\"td-a-rec td-a-rec-id-content_top td_uid_30_5cc04b51134b1_rand td_block_template_1\"><img loading=\"lazy\" decoding=\"async\" class=\"aligncenter size-full wp-image-4463\" src=\"https:\/\/www.sidwaya.info\/wp-content\/uploads\/2019\/02\/FESPACO-TOUR-2019-Bannie%CC%80re-728x90-1.jpg\" alt=\"\" width=\"728\" height=\"90\"\/><\/div>\n<p><strong>Le minist\u00e8re de la Sant\u00e9 a tenu, une rencontre de plaidoyer \u00e0 l\u2019endroit des gouverneurs de r\u00e9gions pour leur implication dans la campagne de distribution universelle des moustiquaires impr\u00e9gn\u00e9s \u00e0 longue dur\u00e9e d\u2019action (MILDA), le mardi 23 avril 2019.<\/strong><\/p>\n<p>Apr\u00e8s 2010, 2013, 2016, le minist\u00e8re de la sant\u00e9 organise, la 4e\u00a0\u00a0 campagne de distribution universelle des Moustiquaires impr\u00e9gn\u00e9es \u00e0 longue dur\u00e9e d\u2019actions (MILDA) cette ann\u00e9e 2019. Elle va d\u00e9buter en juin prochain. D\u00e9j\u00e0, le minist\u00e8re de la sant\u00e9 et ses partenaires se pr\u00e9parent pour la r\u00e9ussite de l\u2019op\u00e9ration. C\u2019est ainsi, que le d\u00e9partement en charge de la sant\u00e9 a tenu, une rencontre de plaidoyer avec les gouverneurs de r\u00e9gions, le mardi 23 avril 2019, \u00e0 Ouagadougou.<\/p>\n<p>Pour la ministre de la sant\u00e9, Claudine Lougu\u00e9,\u00a0\u00a0 l\u2019objectif principal de ce face-\u00e0-face avec les premiers responsables des r\u00e9gions, est de\u00a0\u00a0 contribuer \u00e0 la r\u00e9ussite de la campagne \u00e0 travers leurs engagements \u00e0 toutes les \u00e9tapes, que sont, le d\u00e9nombrement, la distribution et l\u2019utilisation effective des MILDA par les b\u00e9n\u00e9ficiaires. Le gouverneur de la r\u00e9gion de l\u2019Est, colonel-major, Peggy Hyacinthe Yoda, a pour sa part pr\u00e9cis\u00e9 que les gouverneurs occupent une place importante en tant qu\u2019administrateurs de leur r\u00e9gion et partenaires privil\u00e9gi\u00e9s des d\u00e9membrements du minist\u00e8re de la sant\u00e9.<\/p>\n<p>A ce titre, leur r\u00f4le est plus que capital dans le relais des actions au niveau des populations pour ces types de campagnes. \u00ab\u00a0Notre r\u00f4le est d\u2019accompagner les structures sanitaires dans la distribution pour que l\u2019op\u00e9ration puisse atteindre toutes les populations et garantir son succ\u00e8s\u00bb, a dit M. Yoda. \u00ab\u00a0La n\u00e9cessit\u00e9 d\u2019agir ensemble pour le bien-\u00eatre des populations rend plus que jamais l\u00e9gitime les actions entrant dans le cadre de la campagne MILDA 2019\u00a0\u00bb, s\u2019est r\u00e9jouie Mme Lougu\u00e9.<\/p>\n<p>Pour elle, le succ\u00e8s de cette campagne va constituer des leviers s\u00fbrs et incontournables qui vont aider \u00e0 impulser une dynamique \u00e0 la lutte contre le paludisme au Burkina Faso. Aux gouverneurs, le ministre a annonc\u00e9 des innovations majeures pour la pr\u00e9sente campagne. Il s\u2019agit de l\u2019introduction des moustiquaires nouvelles g\u00e9n\u00e9rations pour faire face \u00e0 l\u2019accroissement de la r\u00e9sistance des moustiques\u00a0\u00a0 dans les r\u00e9gions de la Boucle du Mouhoun, des Cascades, des Hauts-Bassins et du Sud-Ouest.<\/p>\n<p>\u00ab\u00a0En plus des MILDA standards habituellement distribu\u00e9es, la campagne 2019 prend en compte les MILDA PBO et MILDA Interceptor G2 qui constituent les nouvelles g\u00e9n\u00e9rations\u00a0\u00bb, a-t-elle d\u00e9clar\u00e9. \u00a0Au cours de la rencontre, la ministre de la sant\u00e9 a rappel\u00e9 que nonobstant les actions entreprises, le paludisme demeure un probl\u00e8me majeur de sant\u00e9 publique au Pays des Hommes int\u00e8gres.<\/p>\n<p>Et pour preuve, elle a soutenu que les formations sanitaires ont enregistr\u00e9 en 2018, 11\u00a0970\u00a0321 cas de paludisme dont 5\u00a0870\u00a0314 cas chez les enfants de moins de cinq ans avec 4\u00a0292 d\u00e9c\u00e8s. Et face \u00e0 cette situation \u00e9pid\u00e9miologique, le ministre de la sant\u00e9, a indiqu\u00e9 que le gouvernement a fait de la lutte contre le paludisme, une priorit\u00e9 nationale. C\u2019est pourquoi, son d\u00e9partement, \u00e0 travers le Programme national de lutte contre le paludisme (PNLP) \u00e9labore p\u00e9riodiquement des plans strat\u00e9giques de lutte.<\/p>\n<p>Elle a ajout\u00e9 que le dernier en cours couvre la p\u00e9riode 2016-2020, avec comme vision \u00ab\u00a0un Burkina Faso sans paludisme pour un d\u00e9veloppement humain durable\u00a0\u00bb. Selon les dires du ministre, ce plan s\u2019est donn\u00e9 pour mission d\u2019assurer l\u2019acc\u00e8s universel aux services de pr\u00e9vention et de traitement du paludisme \u00e0 l\u2019\u00e9chelle du pays. C\u2019est ainsi qu\u2019en mati\u00e8re de pr\u00e9vention, il a inscrit la lutte anti-vectorielle comme un axe strat\u00e9gique avec plusieurs interventions dont la pr\u00e9vention par l\u2019utilisation des MILDA.<\/p>\n<p>En r\u00e9pondant \u00e0 une question des journalistes sur les moustiques g\u00e9n\u00e9tiquement modifi\u00e9s, la ministre de la sant\u00e9 a expliqu\u00e9 que son d\u00e9partement qui a la charge la promotion de sant\u00e9 des populations ne peut en aucun cas compromettre cette m\u00eame sant\u00e9. \u00ab\u00a0Nous n\u2019avons pas encore introduit ces moustiques et la population peut se rassurer que quand nous serons en phase de les introduire nous allons communiquer. Que la population se rassure que nous ne pouvons pas \u00eatre des promoteurs de bonne sant\u00e9 et destructeur de la sant\u00e9 des populations\u00a0\u00bb, a insist\u00e9 Claudine Lougu\u00e9.<\/p>\n<p><strong>Mariam OUEDRAOGO<\/strong><br \/><em>mesmira14@gmail.com<\/em><\/p>\n<div class=\"td-a-rec td-a-rec-id-content_bottom td_uid_31_5cc04b511371b_rand td_block_template_1\"><img loading=\"lazy\" decoding=\"async\" class=\"alignright size-full wp-image-1724\" src=\"https:\/\/www.sidwaya.info\/wp-content\/uploads\/2018\/12\/sidwaya-pub.jpg\" alt=\"\" width=\"720\" height=\"90\"\/><\/div>\n<p>Auteur: DB. Sidwaya<br \/>\n<a href=\"https:\/\/www.sidwaya.info\/blog\/2019\/04\/23\/lutte-contre-le-paludisme-une-distribution-de-moustiquaires-annoncee-pour-juin\/\">Cliquez ici pour lire l&rsquo;article depuis sa source.<\/a><\/p>\n","protected":false},"excerpt":{"rendered":"<p>Le minist\u00e8re de la Sant\u00e9 a tenu, une rencontre de plaidoyer \u00e0 l\u2019endroit des gouverneurs de r\u00e9gions pour leur implication dans la campagne de distribution universelle des moustiquaires impr\u00e9gn\u00e9s \u00e0 longue dur\u00e9e d\u2019action (MILDA), le mardi 23 avril 2019. Apr\u00e8s 2010, 2013, 2016, le minist\u00e8re de la sant\u00e9 organise, la 4e\u00a0\u00a0 campagne de distribution universelle [&hellip;]<\/p>\n","protected":false},"author":1816,"featured_media":0,"comment_status":"closed","ping_status":"closed","sticky":false,"template":"","format":"standard","meta":{"fifu_image_url":"","fifu_image_alt":"","footnotes":""},"categories":[73,81],"tags":[],"class_list":["post-29816","post","type-post","status-publish","format-standard","hentry","category-actualite","category-burkina-faso"],"_links":{"self":[{"href":"https:\/\/linitiative.ca\/International\/wp-json\/wp\/v2\/posts\/29816","targetHints":{"allow":["GET"]}}],"collection":[{"href":"https:\/\/linitiative.ca\/International\/wp-json\/wp\/v2\/posts"}],"about":[{"href":"https:\/\/linitiative.ca\/International\/wp-json\/wp\/v2\/types\/post"}],"author":[{"embeddable":true,"href":"https:\/\/linitiative.ca\/International\/wp-json\/wp\/v2\/users\/1816"}],"replies":[{"embeddable":true,"href":"https:\/\/linitiative.ca\/International\/wp-json\/wp\/v2\/comments?post=29816"}],"version-history":[{"count":0,"href":"https:\/\/linitiative.ca\/International\/wp-json\/wp\/v2\/posts\/29816\/revisions"}],"wp:attachment":[{"href":"https:\/\/linitiative.ca\/International\/wp-json\/wp\/v2\/media?parent=29816"}],"wp:term":[{"taxonomy":"category","embeddable":true,"href":"https:\/\/linitiative.ca\/International\/wp-json\/wp\/v2\/categories?post=29816"},{"taxonomy":"post_tag","embeddable":true,"href":"https:\/\/linitiative.ca\/International\/wp-json\/wp\/v2\/tags?post=29816"}],"curies":[{"name":"wp","href":"https:\/\/api.w.org\/{rel}","templated":true}]}}