{"id":29819,"date":"2019-04-24T06:55:27","date_gmt":"2019-04-24T10:55:27","guid":{"rendered":"https:\/\/linitiative.ca\/International\/une-agression-qui-fait-des-remous-le-torchon-brule-entre-la-police-et-le-barreau\/"},"modified":"2019-04-24T06:55:27","modified_gmt":"2019-04-24T10:55:27","slug":"une-agression-qui-fait-des-remous-le-torchon-brule-entre-la-police-et-le-barreau","status":"publish","type":"post","link":"https:\/\/linitiative.ca\/International\/une-agression-qui-fait-des-remous-le-torchon-brule-entre-la-police-et-le-barreau\/","title":{"rendered":"Une \u00ab agression \u00bb qui fait des remous Le torchon br\u00fble entre la police et le barreau"},"content":{"rendered":"<p>Les deux forces en conflit sont des plus influentes dans le pays. Les avocats crient \u00e0 l\u2019agression et un montage de toutes pi\u00e8ces pour impliquer le pr\u00e9sident de la section de l\u2019Ordre des avocats \u00e0 Jendouba. Mais, entre la pr\u00e9sentation des faits et la r\u00e9alit\u00e9, il y a tout un monde. Pourtant, ce qui fait mal, c\u2019est que les avocats ont tous les moyens pour porter l\u2019affaire \u00e0 bon port, mais, ils ont pr\u00e9f\u00e9r\u00e9 la d\u00e9monstration de leurs forces pour avoir gain de cause.<\/p>\n<p>La Ligue tunisienne des droits de l\u2019homme (LTDH) qui est, pratiquement entre les mains des avocats, a appel\u00e9 le minist\u00e8re de l\u2019Int\u00e9rieur \u00e0 assumer ses responsabilit\u00e9s \u00e0 l\u2019\u00e9gard de l\u2019agression polici\u00e8re contre le pr\u00e9sident de la section r\u00e9gionale des avocats \u00e0 Jendouba.<\/p>\n<p>Il s\u2019agit de prendre rapidement les mesures n\u00e9cessaires pour emp\u00eacher la r\u00e9p\u00e9tition de tels actes, la protection des libert\u00e9s et la cons\u00e9cration des principes de la s\u00e9curit\u00e9 r\u00e9publicaine, a soulign\u00e9 la LTDH dans un communiqu\u00e9 rendu public mardi.<\/p>\n<p>La LTDH a demand\u00e9 l\u2019ouverture d\u2019une enqu\u00eate et \u00e0 poursuivre les auteurs de l\u2019agression, appelant les magistrats du si\u00e8ge et du parquet \u00e0 assumer les responsabilit\u00e9s qui leur incombent dans la protection des droits et libert\u00e9s et la prise de d\u00e9cisions judiciaires contre de tels actes.<\/p>\n<p>La LTDH a d\u00e9nonc\u00e9 cette agression qui \u00ab renvoie \u00e0 des pratiques polici\u00e8res r\u00e9pressives de l\u2019ancien r\u00e9gime \u00bb, exprimant son soutien total au pr\u00e9sident de la section des avocats \u00e0 Jendouba et \u00e0 l\u2019Ordre national des avocats.<\/p>\n<p>Le conseil de l\u2019Ordre national des avocats a d\u00e9cid\u00e9 lundi une gr\u00e8ve g\u00e9n\u00e9rale en pr\u00e9sence sur les lieux du travail pour aujourd\u2019hui, et un rassemblement de protestation demain dans tous les tribunaux. Il observe le m\u00eame jour un sit-in au Tribunal de premi\u00e8re instance de Jendouba pour d\u00e9noncer l\u2019agression polici\u00e8re contre le pr\u00e9sident de la section r\u00e9gionale des avocats dans la r\u00e9gion.<\/p>\n<p class=\"dpsp-share-text\">Partager c&rsquo;est aimer!<\/p>\n<div class=\"wp-post-author-wrap wp-post-author-shortcode left\">\n<h3 class=\"awpa-title\"\/>\n<div class=\"wp-post-author\">\n<div class=\"awpa-img awpa-author-block square\"><a href=\"http:\/\/lexpertjournal.net\/fr\/author\/expert\/\"><img loading=\"lazy\" decoding=\"async\" alt=\"\" src=\"http:\/\/2.gravatar.com\/avatar\/56d99be2a6f97af88ccb49fada637fcd?s=150&#038;d=mm&#038;r=g\" srcset=\"http:\/\/2.gravatar.com\/avatar\/56d99be2a6f97af88ccb49fada637fcd?s=300&#038;d=mm&#038;r=g 2x\" class=\"avatar avatar-150 photo\" height=\"150\" width=\"150\"\/><\/a><\/div>\n<\/div>\n<\/div>\n<p>Auteur: L&rsquo;expert<br \/>\n<a href=\"http:\/\/lexpertjournal.net\/fr\/2019\/04\/24\/une-agression-qui-fait-des-remous-le-torchon-brule-entre-la-police-et-le-barreau\/\">Cliquez ici pour lire l&rsquo;article depuis sa source.<\/a><\/p>\n","protected":false},"excerpt":{"rendered":"<p>Les deux forces en conflit sont des plus influentes dans le pays. Les avocats crient \u00e0 l\u2019agression et un montage de toutes pi\u00e8ces pour impliquer le pr\u00e9sident de la section de l\u2019Ordre des avocats \u00e0 Jendouba. Mais, entre la pr\u00e9sentation des faits et la r\u00e9alit\u00e9, il y a tout un monde. Pourtant, ce qui fait [&hellip;]<\/p>\n","protected":false},"author":1775,"featured_media":0,"comment_status":"closed","ping_status":"closed","sticky":false,"template":"","format":"standard","meta":{"fifu_image_url":"","fifu_image_alt":"","footnotes":""},"categories":[78,55],"tags":[],"class_list":["post-29819","post","type-post","status-publish","format-standard","hentry","category-economie","category-tunisie"],"_links":{"self":[{"href":"https:\/\/linitiative.ca\/International\/wp-json\/wp\/v2\/posts\/29819","targetHints":{"allow":["GET"]}}],"collection":[{"href":"https:\/\/linitiative.ca\/International\/wp-json\/wp\/v2\/posts"}],"about":[{"href":"https:\/\/linitiative.ca\/International\/wp-json\/wp\/v2\/types\/post"}],"author":[{"embeddable":true,"href":"https:\/\/linitiative.ca\/International\/wp-json\/wp\/v2\/users\/1775"}],"replies":[{"embeddable":true,"href":"https:\/\/linitiative.ca\/International\/wp-json\/wp\/v2\/comments?post=29819"}],"version-history":[{"count":0,"href":"https:\/\/linitiative.ca\/International\/wp-json\/wp\/v2\/posts\/29819\/revisions"}],"wp:attachment":[{"href":"https:\/\/linitiative.ca\/International\/wp-json\/wp\/v2\/media?parent=29819"}],"wp:term":[{"taxonomy":"category","embeddable":true,"href":"https:\/\/linitiative.ca\/International\/wp-json\/wp\/v2\/categories?post=29819"},{"taxonomy":"post_tag","embeddable":true,"href":"https:\/\/linitiative.ca\/International\/wp-json\/wp\/v2\/tags?post=29819"}],"curies":[{"name":"wp","href":"https:\/\/api.w.org\/{rel}","templated":true}]}}