{"id":29824,"date":"2019-04-24T07:41:08","date_gmt":"2019-04-24T11:41:08","guid":{"rendered":"https:\/\/linitiative.ca\/International\/ligue-1-2-usma-ibara-jignore-pourquoi-larbitre-na-pas-siffle-le-penalty-alors-quil-y-avait-main\/"},"modified":"2019-04-24T07:41:08","modified_gmt":"2019-04-24T11:41:08","slug":"ligue-1-2-usma-ibara-jignore-pourquoi-larbitre-na-pas-siffle-le-penalty-alors-quil-y-avait-main","status":"publish","type":"post","link":"https:\/\/linitiative.ca\/International\/ligue-1-2-usma-ibara-jignore-pourquoi-larbitre-na-pas-siffle-le-penalty-alors-quil-y-avait-main\/","title":{"rendered":"Ligue 1 &#038; 2 : USMA &#8211; Ibara \u00abJ\u2019ignore pourquoi l\u2019arbitre n\u2019a pas siffl\u00e9 le penalty, alors qu\u2019il y avait main\u00bb"},"content":{"rendered":"<div readability=\"32\">\n<p>Auteur : <span>M. Z.<\/span> <span class=\"time\">mercredi 24 avril 2019 10:58<\/span><\/p>\n<\/div>\n<div id=\"post_core\" readability=\"91\">\n<p>Prince Ibara, le centre-avant des Rouge et Noir revient sur le nul ramen\u00e9 de S\u00e9tif, et affirme que l\u2019arbitre les a priv\u00e9s d\u2019une victoire, \u00e0 la suite d\u2019une main d\u2019un arri\u00e8re de l\u2019ESS. Le joueur affirme par la suite qu\u2019il est imp\u00e9ratif pour lui et ses camarades de maintenir cette place de leader pour pouvoir remporter le titre, en allant chercher d\u2019autres points lors des prochaines rencontres \u00e0 l\u2019ext\u00e9rieur, histoire d\u2019\u00e9viter de se faire d\u00e9passer dans le classement g\u00e9n\u00e9ral.<br \/><strong>D\u2019abord, quel commentaire faites-vous sur le nul ramen\u00e9 de S\u00e9tif ?<\/strong><br \/>A mon avis, revenir avec le point du nul face \u00e0 une solide \u00e9quipe de S\u00e9tif est une bonne chose pour nous, mais au vu de la tournure du match, je dirais qu\u2019on a rat\u00e9 une victoire \u00e0 notre port\u00e9e. Le match \u00e9tait \u00e9quilibr\u00e9 \u00e0 tout point de vue, on a r\u00e9ussi \u00e0 marquer un but au bon moment, on a ensuite tent\u00e9 de corser le score en deuxi\u00e8me mi-temps, mais malheureusement pour nous, les S\u00e9tifiens ont \u00e9galis\u00e9. Malgr\u00e9 cela, on pouvait rajouter un autre but, mais l\u2019arbitre nous a priv\u00e9s d\u2019un penalty.<br \/><strong>Justement, vous \u00e9tiez \u00e0 c\u00f4t\u00e9 de l\u2019action, racontez-la pour nous\u00a0 ?<\/strong><br \/>J\u2019\u00e9tais proche du ballon, et un joueur de S\u00e9tif l\u2019a \u00e9loign\u00e9 de sa main et je ne sais pourquoi l\u2019arbitre n\u2019a pas siffl\u00e9 un penalty. Cette action \u00e9tait d\u00e9cisive et qui allait changer le cours du match, car s\u2019il avait siffl\u00e9, on aurait \u00e9t\u00e9 plus proches des trois points.<br \/><strong>Vous avez \u00e9t\u00e9 incorpor\u00e9 en 2e mi-temps, avec l\u2019espoir de marquer un autre but, votre commentaire ?<\/strong><br \/>Tous les joueurs incorpor\u00e9s dans match tentent de donner le plus, mais comme vous savez, je reviens de blessure, en plus du manque de comp\u00e9tition qui influe n\u00e9gativement sur notre comp\u00e9titivit\u00e9, car jouer chaque deux semaines, voire trois est tr\u00e8s d\u00e9savantageant. Il est impossible de maintenir sa comp\u00e9titivit\u00e9 durant ce temps-l\u00e0.<br \/><strong>Vous avez engrang\u00e9 un point sur douze mis en jeu ces derniers temps, mais vous \u00eates toujours leader, qu\u2019en dites-vous ?<\/strong><br \/>C\u2019est gr\u00e2ce aux r\u00e9sultats qu\u2019on a effectu\u00e9s avant qu\u2019on est leader, ensuite il y a eu ce passage \u00e0 vide, qui a permis \u00e0 certaines \u00e9quipes de r\u00e9duire l\u2019\u00e9cart, mais qui n\u2019ont pu nous la chiper pour le moment. Ils ont aussi subi des d\u00e9faites et des nuls, et cela nous a permis de garder ce fauteuil de leader.<br \/><strong>Mais aujourd\u2019hui, l\u2019USMA est vraiment menac\u00e9e ?<\/strong><br \/>C\u2019est vrai, l\u2019\u00e9cart est r\u00e9duit pour les rencontres restantes \u00e0 jouer, donc on doit profiter de chaque situation. Eux ils cherchent \u00e0 gagner et attendent qu\u2019on perde, mais nous on cherche \u00e0 gagner sans se soucier du reste. On doit poursuivre notre travail et tenter de gagner nos matchs, pour pouvoir f\u00eater le titre \u00e0 la fin.<br \/><strong>Donc, selon vous, l\u2019USMA peut esp\u00e9rer encore ?<\/strong><br \/>Si les \u00e9quipes qui sont derri\u00e8re nous, ambitionnent de gagner le titre, qu\u2019est-ce qui nous emp\u00eacherai de faire autant, qui sommes les premiers ? On sait que cela va \u00eatre tr\u00e8s difficile, mais il est naturel qu\u2019on cherche les bons r\u00e9sultats pour gagner ce titre. On sait que les matchs \u00e0 venir sont des matchs-pi\u00e8ges, ce sera difficile pour tout le monde.<br \/><strong>Certains disent que le point ramen\u00e9 de S\u00e9tif va faire la diff\u00e9rence\u2026<\/strong><br \/>En football, un seul but peut \u00eatre d\u00e9cisif, parfois vous marquez un but \u00e0 l\u2019aller qui sera d\u00e9terminant \u00e0 la fin du parcours. Nous sommes contraints de chercher le maximum de points, et comme vous avez dit, le point ramen\u00e9 de S\u00e9tif peut avoir ses r\u00e9percussions \u00e0 la fin du parcours.<br \/><strong>Vous allez encore \u00eatre au repos, avez-vous pris l\u2019habitude de \u00e7a ?<\/strong><br \/>Nous sommes habitu\u00e9s, mais c\u2019est affectant pour les joueurs, on va essayer de nous familiariser avec cette p\u00e9riode pour pouvoir continuer sur notre lanc\u00e9e. On doit bien se pr\u00e9parer pour \u00eatre au rendez-vous \u00e0 la reprise.<br \/><strong>D\u2019autres disent que les succ\u00e8s \u00e0 la maison ne sont pas suffisants ?<\/strong><br \/>On est dans l\u2019obligation de gagner nos matchs \u00e0 la maison, sinon ceux \u00e0 l\u2019ext\u00e9rieur, ces rencontres d\u00e9pendent des r\u00e9sultats des autres \u00e9quipes. Nous devons rester leaders et trouver le moyen de ne pas en sortir, entre-temps, les autres \u00e9quipes aussi vont jouer chez elle et \u00e0 l\u2019ext\u00e9rieur.<\/p>\n<\/div>\n<p>Auteur:<br \/>\n<a href=\"http:\/\/www.lebuteur.com\/article\/detail?titre=usma-ibara-jignore-pourquoi-larbitre-na-pas-siffle-le-penalty-alors-quil-y-avait-main&#038;id=88253&#038;utm_source=feedburner&#038;utm_medium=feed&#038;utm_campaign=Feed%3A+GalerieFArtciles+%28Les+derniers+articles++-+lebuteur.com%29\">Cliquez ici pour lire l&rsquo;article depuis sa source.<\/a><\/p>\n","protected":false},"excerpt":{"rendered":"<p>Auteur : M. Z. mercredi 24 avril 2019 10:58 Prince Ibara, le centre-avant des Rouge et Noir revient sur le nul ramen\u00e9 de S\u00e9tif, et affirme que l\u2019arbitre les a priv\u00e9s d\u2019une victoire, \u00e0 la suite d\u2019une main d\u2019un arri\u00e8re de l\u2019ESS. Le joueur affirme par la suite qu\u2019il est imp\u00e9ratif pour lui et ses [&hellip;]<\/p>\n","protected":false},"author":1738,"featured_media":29829,"comment_status":"closed","ping_status":"closed","sticky":false,"template":"","format":"standard","meta":{"fifu_image_url":"","fifu_image_alt":"","footnotes":""},"categories":[53,75],"tags":[],"class_list":["post-29824","post","type-post","status-publish","format-standard","has-post-thumbnail","hentry","category-algerie","category-sport"],"_links":{"self":[{"href":"https:\/\/linitiative.ca\/International\/wp-json\/wp\/v2\/posts\/29824","targetHints":{"allow":["GET"]}}],"collection":[{"href":"https:\/\/linitiative.ca\/International\/wp-json\/wp\/v2\/posts"}],"about":[{"href":"https:\/\/linitiative.ca\/International\/wp-json\/wp\/v2\/types\/post"}],"author":[{"embeddable":true,"href":"https:\/\/linitiative.ca\/International\/wp-json\/wp\/v2\/users\/1738"}],"replies":[{"embeddable":true,"href":"https:\/\/linitiative.ca\/International\/wp-json\/wp\/v2\/comments?post=29824"}],"version-history":[{"count":0,"href":"https:\/\/linitiative.ca\/International\/wp-json\/wp\/v2\/posts\/29824\/revisions"}],"wp:featuredmedia":[{"embeddable":true,"href":"https:\/\/linitiative.ca\/International\/wp-json\/"}],"wp:attachment":[{"href":"https:\/\/linitiative.ca\/International\/wp-json\/wp\/v2\/media?parent=29824"}],"wp:term":[{"taxonomy":"category","embeddable":true,"href":"https:\/\/linitiative.ca\/International\/wp-json\/wp\/v2\/categories?post=29824"},{"taxonomy":"post_tag","embeddable":true,"href":"https:\/\/linitiative.ca\/International\/wp-json\/wp\/v2\/tags?post=29824"}],"curies":[{"name":"wp","href":"https:\/\/api.w.org\/{rel}","templated":true}]}}