{"id":29825,"date":"2019-04-23T16:13:00","date_gmt":"2019-04-23T20:13:00","guid":{"rendered":"https:\/\/linitiative.ca\/International\/ministere-de-la-justice-linspecteur-general-limoge\/"},"modified":"2019-04-23T16:13:00","modified_gmt":"2019-04-23T20:13:00","slug":"ministere-de-la-justice-linspecteur-general-limoge","status":"publish","type":"post","link":"https:\/\/linitiative.ca\/International\/ministere-de-la-justice-linspecteur-general-limoge\/","title":{"rendered":"MINISTERE DE LA JUSTICE   : L\u2019inspecteur g\u00e9n\u00e9ral limog\u00e9"},"content":{"rendered":"<p><br id=\"sep_para_1\" class=\"sep_para access\"\/><\/p>\n<div id=\"para_1\" class=\"para_30575952 resize\">\n<div class=\"photo shadow left\"><a href=\"javascript:void(0)\" rel=\"https:\/\/www.reflexiondz.net\/photo\/art\/grande\/32979222-30575952.jpg?v=1556052600&#038;ibox\" title=\"MINISTERE DE LA JUSTICE : L\u2019inspecteur g\u00e9n\u00e9ral limog\u00e9\"><img decoding=\"async\" class=\"responsive c9\" src=\"https:\/\/www.reflexiondz.net\/photo\/art\/grande\/32979222-30575952.jpg?v=1556052600\" alt=\"MINISTERE DE LA JUSTICE : L\u2019inspecteur g\u00e9n\u00e9ral limog\u00e9\" title=\"MINISTERE DE LA JUSTICE : L\u2019inspecteur g\u00e9n\u00e9ral limog\u00e9\"\/><img decoding=\"async\" class=\"not-responsive\" src=\"https:\/\/www.reflexiondz.net\/photo\/art\/default\/32979222-30575952.jpg?v=1556052602\" alt=\"MINISTERE DE LA JUSTICE : L\u2019inspecteur g\u00e9n\u00e9ral limog\u00e9\" title=\"MINISTERE DE LA JUSTICE : L\u2019inspecteur g\u00e9n\u00e9ral limog\u00e9\"\/><\/a><\/div>\n<div class=\"texte access firstletter\">L\u2019inspecteur g\u00e9n\u00e9ral du minist\u00e8re de la Justice Benhachem Tayeb a \u00e9t\u00e9 limog\u00e9 lundi de son poste, a-t-on appris ce mardi de Merzougui Sa\u00e2d Eddine,\u00a0 porte-parole du Club des magistrats alg\u00e9riens (CMA), ajoutant que le syndicat se r\u00e9jouit de ce limogeage et demande le d\u00e9part du ministre de la Justice Brahmi Slimane et du SG du minist\u00e8re de la justice Boudjem\u00e2a Ait Aoudia. Le 16 avril, Merzougui Sa\u00e2d Eddine, avait d\u00e9nonc\u00e9 des \u00ab pressions \u00bb exerc\u00e9es par les autorit\u00e9s sur les magistrats ayant adh\u00e9r\u00e9 au boycott de\u00a0 l\u2019\u00e9lection pr\u00e9sidentielle du 4 juillet..\u00a0\u00a0\u00a0\u00a0\u00a0\u00a0\u00a0\u00a0\u00a0\u00a0<\/div>\n<\/div>\n<p>Auteur: Ismain<br \/>\n<a href=\"https:\/\/www.reflexiondz.net\/MINISTERE-DE-LA-JUSTICE-L-inspecteur-general-limoge_a55540.html\">Cliquez ici pour lire l&rsquo;article depuis sa source.<\/a><\/p>\n","protected":false},"excerpt":{"rendered":"<p>L\u2019inspecteur g\u00e9n\u00e9ral du minist\u00e8re de la Justice Benhachem Tayeb a \u00e9t\u00e9 limog\u00e9 lundi de son poste, a-t-on appris ce mardi de Merzougui Sa\u00e2d Eddine,\u00a0 porte-parole du Club des magistrats alg\u00e9riens (CMA), ajoutant que le syndicat se r\u00e9jouit de ce limogeage et demande le d\u00e9part du ministre de la Justice Brahmi Slimane et du SG du [&hellip;]<\/p>\n","protected":false},"author":1740,"featured_media":0,"comment_status":"closed","ping_status":"closed","sticky":false,"template":"","format":"standard","meta":{"fifu_image_url":"","fifu_image_alt":"","footnotes":""},"categories":[53,76],"tags":[],"class_list":["post-29825","post","type-post","status-publish","format-standard","hentry","category-algerie","category-regions"],"_links":{"self":[{"href":"https:\/\/linitiative.ca\/International\/wp-json\/wp\/v2\/posts\/29825","targetHints":{"allow":["GET"]}}],"collection":[{"href":"https:\/\/linitiative.ca\/International\/wp-json\/wp\/v2\/posts"}],"about":[{"href":"https:\/\/linitiative.ca\/International\/wp-json\/wp\/v2\/types\/post"}],"author":[{"embeddable":true,"href":"https:\/\/linitiative.ca\/International\/wp-json\/wp\/v2\/users\/1740"}],"replies":[{"embeddable":true,"href":"https:\/\/linitiative.ca\/International\/wp-json\/wp\/v2\/comments?post=29825"}],"version-history":[{"count":0,"href":"https:\/\/linitiative.ca\/International\/wp-json\/wp\/v2\/posts\/29825\/revisions"}],"wp:attachment":[{"href":"https:\/\/linitiative.ca\/International\/wp-json\/wp\/v2\/media?parent=29825"}],"wp:term":[{"taxonomy":"category","embeddable":true,"href":"https:\/\/linitiative.ca\/International\/wp-json\/wp\/v2\/categories?post=29825"},{"taxonomy":"post_tag","embeddable":true,"href":"https:\/\/linitiative.ca\/International\/wp-json\/wp\/v2\/tags?post=29825"}],"curies":[{"name":"wp","href":"https:\/\/api.w.org\/{rel}","templated":true}]}}