{"id":29828,"date":"2019-04-24T06:32:56","date_gmt":"2019-04-24T10:32:56","guid":{"rendered":"https:\/\/linitiative.ca\/International\/said-amzazi-suspend-le-dialogue-avec-les-enseignants\/"},"modified":"2019-04-24T06:32:56","modified_gmt":"2019-04-24T10:32:56","slug":"said-amzazi-suspend-le-dialogue-avec-les-enseignants","status":"publish","type":"post","link":"https:\/\/linitiative.ca\/International\/said-amzazi-suspend-le-dialogue-avec-les-enseignants\/","title":{"rendered":"Said Amzazi suspend le dialogue avec les enseignants"},"content":{"rendered":"<p><img decoding=\"async\" class=\"post_layout_5_img\" src=\"http:\/\/aujourdhui.ma\/wp-content\/uploads\/2019\/04\/Greve-enseignants-2.jpg?x29840\" alt=\"Said Amzazi suspend le dialogue avec les enseignants\"\/><\/p>\n<p class=\"p1\"><span class=\"c4\"><strong><em>Une bonne partie d\u2019entre eux refuse toujours de rejoindre son travail<\/em><\/strong><\/span> <span id=\"more-309834\"\/><\/p>\n<div class=\"base-box mom_box_sc_custom mom_box_sc clear c5\" readability=\"9\">\n<p class=\"p1\"><span class=\"s1\"><em>Cette d\u00e9cision a \u00e9t\u00e9 motiv\u00e9e par la poursuite de la gr\u00e8ve par une bonne partie des enseignants ex-contractuels qui n\u2019ont pas respect\u00e9 l\u2019engagement pris par leur repr\u00e9sentant lors\u00a0<\/em><\/span><span class=\"s1\"><em>de la r\u00e9union du\u00a0<\/em><\/span><span class=\"s1\"><em>13 avril dernier.<\/em><\/span><\/p>\n<\/div>\n<p class=\"p1\"><span class=\"s1\">La tension remonte d\u2019un cran entre le minist\u00e8re de l\u2019\u00e9ducation nationale et les enseignants ex-contractuels. Le ministre, Said Amzazi, a d\u00e9cid\u00e9 de suspendre les n\u00e9gociations<span class=\"Apple-converted-space\">\u00a0<\/span> avec les enseignants des Acad\u00e9mies r\u00e9gionales. Et par cons\u00e9quent, la r\u00e9union qui \u00e9tait pr\u00e9vue le mardi 23 avril avec les syndicats les plus repr\u00e9sentatifs du secteur et les repr\u00e9sentants des enseignants des acad\u00e9mies r\u00e9gionales n\u2019a pas eu lieu. L\u2019annonce a \u00e9t\u00e9 faite \u00e0 travers la publication d\u2019un communiqu\u00e9 lundi 22 avril dans la soir\u00e9e.<\/span><\/p>\n<p class=\"p1\"><span class=\"s1\">Le minist\u00e8re annonce qu\u2019il ne peut en aucun cas poursuivre le dialogue en l\u2019absence des conditions requises pour mener des n\u00e9gociations s\u00e9rieuses et responsables. Cette d\u00e9cision a \u00e9t\u00e9 motiv\u00e9e par la poursuite de la gr\u00e8ve par une bonne partie des enseignants ex-contractuels qui n\u2019ont pas respect\u00e9 l\u2019engagement pris par leur repr\u00e9sentant lors de la r\u00e9union du 13 avril dernier. Lors de cette r\u00e9union, leur repr\u00e9sentant avait pourtant accept\u00e9 de suspendre les gr\u00e8ves et de reprendre les cours le lundi 15 avril et ce en \u00e9change de la lev\u00e9e de toutes les mesures disciplinaires prises \u00e0 leur encontre.<\/span><\/p>\n<p class=\"p1\"><span class=\"s1\">Le d\u00e9partement de Said Amzazi assure avoir tenu ses promesses \u00e0 travers l\u2019adoption de plusieurs mesures, \u00e0 savoir la suspension des proc\u00e9dures administratives contre certains enseignants des acad\u00e9mies, le<span class=\"Apple-converted-space\">\u00a0<\/span> versement des<span class=\"Apple-converted-space\">\u00a0<\/span> salaires gel\u00e9s,<span class=\"Apple-converted-space\">\u00a0<\/span> le r\u00e9examen de la situation des enseignants suspendus ainsi que le report du concours de qualification professionnelle pour permettre aux concern\u00e9s de mieux se pr\u00e9parer.<\/span><\/p>\n<p class=\"p1\"><span class=\"s1\">En apportant ces pr\u00e9cisions, le minist\u00e8re affirme que<span class=\"Apple-converted-space\">\u00a0<\/span> le dialogue sera possible si les cadres des acad\u00e9mies r\u00e9gionales regagnent leurs lieux de travail et s\u2019acquittent de<span class=\"Apple-converted-space\">\u00a0<\/span> leur noble devoir professionnel, tout en r\u00e9affirmant qu\u2019il ne m\u00e9nagera aucun effort pour s\u00e9curiser le temps scolaire et assurer le droit \u00e0 l\u2019\u00e9cole pour tous les \u00e9l\u00e8ves. Apr\u00e8s plusieurs semaines de gr\u00e8ve, les enseignants estiment que leur objectif n\u2019a toujours pas \u00e9t\u00e9 atteint, \u00e0 savoir int\u00e9grer la fonction publique. Ainsi, une partie d\u2019entre eux poursuit son mouvement de gr\u00e8ve jusqu\u2019au 25 avril.<\/span><\/p>\n<p class=\"p1\"><span class=\"s1\">Une marche nationale<span class=\"Apple-converted-space\">\u00a0<\/span> a d\u2019ailleurs \u00e9t\u00e9 organis\u00e9e le lundi 22 avril. Celle-ci qui a d\u00e9marr\u00e9 depuis le si\u00e8ge du minist\u00e8re de tutelle au Parlement a rassembl\u00e9 des milliers d\u2019enseignants. Rappelons que dans ce conflit, le ministre Said Amzazi avait clairement fait comprendre<span class=\"Apple-converted-space\">\u00a0<\/span> que le gouvernement ne pouvait pas faire marche arri\u00e8re et qu\u2019il a respect\u00e9 ses engagements quant \u00e0 l\u2019am\u00e9lioration des statuts des cadres des Aref, en introduisant toutes les garanties n\u00e9cessaires \u00e0 la stabilit\u00e9 professionnelle et la s\u00e9curit\u00e9 d\u2019emploi pour ces cadres. Parmi celles-ci figurent celles relatives \u00e0 la titularisation, tout en conservant l\u2019anciennet\u00e9 acquise \u00e0 l\u2019acad\u00e9mie, le droit \u00e0 la promotion dans l\u2019\u00e9chelle et l\u2019\u00e9chelon tout au long de leur carri\u00e8re et la retraite suite \u00e0 une maladie grave, en garantissant aux cadres des Aref les m\u00eames droits assur\u00e9s pour le reste des fonctionnaires de l\u2019\u00c9tat.<\/span><\/p>\n<p>Auteur: Laila Zerrour<br \/>\n<a href=\"http:\/\/aujourdhui.ma\/societe\/said-amzazi-suspend-le-dialogue-avec-les-enseignants\">Cliquez ici pour lire l&rsquo;article depuis sa source.<\/a><\/p>\n","protected":false},"excerpt":{"rendered":"<p>Une bonne partie d\u2019entre eux refuse toujours de rejoindre son travail Cette d\u00e9cision a \u00e9t\u00e9 motiv\u00e9e par la poursuite de la gr\u00e8ve par une bonne partie des enseignants ex-contractuels qui n\u2019ont pas respect\u00e9 l\u2019engagement pris par leur repr\u00e9sentant lors\u00a0de la r\u00e9union du\u00a013 avril dernier. La tension remonte d\u2019un cran entre le minist\u00e8re de l\u2019\u00e9ducation nationale [&hellip;]<\/p>\n","protected":false},"author":1759,"featured_media":0,"comment_status":"closed","ping_status":"closed","sticky":false,"template":"","format":"standard","meta":{"fifu_image_url":"","fifu_image_alt":"","footnotes":""},"categories":[73,54],"tags":[],"class_list":["post-29828","post","type-post","status-publish","format-standard","hentry","category-actualite","category-maroc"],"_links":{"self":[{"href":"https:\/\/linitiative.ca\/International\/wp-json\/wp\/v2\/posts\/29828","targetHints":{"allow":["GET"]}}],"collection":[{"href":"https:\/\/linitiative.ca\/International\/wp-json\/wp\/v2\/posts"}],"about":[{"href":"https:\/\/linitiative.ca\/International\/wp-json\/wp\/v2\/types\/post"}],"author":[{"embeddable":true,"href":"https:\/\/linitiative.ca\/International\/wp-json\/wp\/v2\/users\/1759"}],"replies":[{"embeddable":true,"href":"https:\/\/linitiative.ca\/International\/wp-json\/wp\/v2\/comments?post=29828"}],"version-history":[{"count":0,"href":"https:\/\/linitiative.ca\/International\/wp-json\/wp\/v2\/posts\/29828\/revisions"}],"wp:attachment":[{"href":"https:\/\/linitiative.ca\/International\/wp-json\/wp\/v2\/media?parent=29828"}],"wp:term":[{"taxonomy":"category","embeddable":true,"href":"https:\/\/linitiative.ca\/International\/wp-json\/wp\/v2\/categories?post=29828"},{"taxonomy":"post_tag","embeddable":true,"href":"https:\/\/linitiative.ca\/International\/wp-json\/wp\/v2\/tags?post=29828"}],"curies":[{"name":"wp","href":"https:\/\/api.w.org\/{rel}","templated":true}]}}