{"id":29833,"date":"2019-04-24T06:57:59","date_gmt":"2019-04-24T10:57:59","guid":{"rendered":"https:\/\/linitiative.ca\/International\/salon-petroserv-a-sfax-le-rendez-vous-des-services-de-la-prospection-petroliere\/"},"modified":"2019-04-24T06:57:59","modified_gmt":"2019-04-24T10:57:59","slug":"salon-petroserv-a-sfax-le-rendez-vous-des-services-de-la-prospection-petroliere","status":"publish","type":"post","link":"https:\/\/linitiative.ca\/International\/salon-petroserv-a-sfax-le-rendez-vous-des-services-de-la-prospection-petroliere\/","title":{"rendered":"Salon \u00ab PetroServ \u00bb \u00e0 Sfax Le rendez-vous des services de la prospection p\u00e9troli\u00e8re"},"content":{"rendered":"<p>La Tunisie n\u2019a pas suffisamment de p\u00e9trole, mais elle a des comp\u00e9tences dans le domaine de la prospection et de l\u2019exploitation p\u00e9troli\u00e8re qui sont les h\u00e9ritiers du leader Habib Bourguiba. Le tout a \u00e9t\u00e9 prouv\u00e9 avec le d\u00e9marrage de la 6\u00e8me \u00e9dition du Salon des services p\u00e9troliers et de l\u2019\u00e9nergie PetroServ 2019 qui a \u00e9t\u00e9 donn\u00e9, ce mardi, \u00e0 l\u2019espace de la Foire internationale de Sfax. Cet \u00e9v\u00e9nement se tient, du 23 \u00e0 26 avril 2019, parall\u00e8lement \u00e0 la premi\u00e8re \u00e9dition du Salon international de sant\u00e9, s\u00e9curit\u00e9 et environnement au travail (HSEW expo 2019).<\/p>\n<p>Cent dix-sept participants de Tunisie et d\u2019autres pays dont notamment l\u2019Angleterre, les Pays-Bas, les Etats-Unis d\u2019Am\u00e9rique, l\u2019Espagne, la France, l\u2019Italie, le Danemark et la Su\u00e8de prennent part \u00e0 ces deux salons qui occupent un espace de 5500 m\u00b2. Ils y exposent les techniques les plus innovantes dans le secteur de la prospection p\u00e9troli\u00e8re, de la protection et de la pr\u00e9vention en sant\u00e9 et en s\u00e9curit\u00e9 au travail.<\/p>\n<p>Les deux \u00e9v\u00e9nements sont organis\u00e9s par l\u2019association de la Foire internationale de Sfax (AFIS), sous l\u2019\u00e9gide des Minist\u00e8res de l\u2019Industrie, des affaires sociales, de la sant\u00e9 et de l\u2019environnement, en partenariat avec l\u2019Entreprise tunisienne des activit\u00e9s p\u00e9troli\u00e8res (ETAP), l\u2019association tunisienne de la sant\u00e9 et de la s\u00e9curit\u00e9 professionnelle et la chambre syndicale nationale des entreprises de s\u00e9curit\u00e9 \u00e9lectronique (CSENSE).<\/p>\n<p>Le salon connaitra la participation d\u2019institutions nationales telles que la Caisse nationale d\u2019assurance maladie (CNAM), l\u2019institut de la sant\u00e9 et de la s\u00e9curit\u00e9 professionnelle, le groupement de la m\u00e9decine du travail et le Centre International des Technologies de l\u2019Environnement de Tunis (CITET).<\/p>\n<p>On cite, \u00e9galement, l\u2019Agence nationale de gestion des d\u00e9chets (ANGED), l\u2019Agence Nationale de Contr\u00f4le Sanitaire et Environnemental des Produits (ANCSEP) et le Croissant Rouge tunisien.<\/p>\n<p>Ces deux manifestations constituent une occasion pour la conclusion d\u2019accords de partenariat et de contrats de sous-traitance, en plus de l\u2019\u00e9change d\u2019informations et d\u2019expertises.<\/p>\n<p>L\u2019inauguration officielle de ces deux salons aura lieu, mercredi 24 avril 2019.<\/p>\n<p class=\"dpsp-share-text\">Partager c&rsquo;est aimer!<\/p>\n<div class=\"wp-post-author-wrap wp-post-author-shortcode left\">\n<h3 class=\"awpa-title\"\/>\n<div class=\"wp-post-author\">\n<div class=\"awpa-img awpa-author-block square\"><a href=\"http:\/\/lexpertjournal.net\/fr\/author\/expert\/\"><img loading=\"lazy\" decoding=\"async\" alt=\"\" src=\"http:\/\/2.gravatar.com\/avatar\/56d99be2a6f97af88ccb49fada637fcd?s=150&#038;d=mm&#038;r=g\" srcset=\"http:\/\/2.gravatar.com\/avatar\/56d99be2a6f97af88ccb49fada637fcd?s=300&#038;d=mm&#038;r=g 2x\" class=\"avatar avatar-150 photo\" height=\"150\" width=\"150\"\/><\/a><\/div>\n<\/div>\n<\/div>\n<p>Auteur: L&rsquo;expert<br \/>\n<a href=\"http:\/\/lexpertjournal.net\/fr\/2019\/04\/24\/salon-petroserv-a-sfax-le-rendez-vous-des-services-de-la-prospection-petroliere\/\">Cliquez ici pour lire l&rsquo;article depuis sa source.<\/a><\/p>\n","protected":false},"excerpt":{"rendered":"<p>La Tunisie n\u2019a pas suffisamment de p\u00e9trole, mais elle a des comp\u00e9tences dans le domaine de la prospection et de l\u2019exploitation p\u00e9troli\u00e8re qui sont les h\u00e9ritiers du leader Habib Bourguiba. Le tout a \u00e9t\u00e9 prouv\u00e9 avec le d\u00e9marrage de la 6\u00e8me \u00e9dition du Salon des services p\u00e9troliers et de l\u2019\u00e9nergie PetroServ 2019 qui a \u00e9t\u00e9 [&hellip;]<\/p>\n","protected":false},"author":1775,"featured_media":0,"comment_status":"closed","ping_status":"closed","sticky":false,"template":"","format":"standard","meta":{"fifu_image_url":"","fifu_image_alt":"","footnotes":""},"categories":[78,55],"tags":[],"class_list":["post-29833","post","type-post","status-publish","format-standard","hentry","category-economie","category-tunisie"],"_links":{"self":[{"href":"https:\/\/linitiative.ca\/International\/wp-json\/wp\/v2\/posts\/29833","targetHints":{"allow":["GET"]}}],"collection":[{"href":"https:\/\/linitiative.ca\/International\/wp-json\/wp\/v2\/posts"}],"about":[{"href":"https:\/\/linitiative.ca\/International\/wp-json\/wp\/v2\/types\/post"}],"author":[{"embeddable":true,"href":"https:\/\/linitiative.ca\/International\/wp-json\/wp\/v2\/users\/1775"}],"replies":[{"embeddable":true,"href":"https:\/\/linitiative.ca\/International\/wp-json\/wp\/v2\/comments?post=29833"}],"version-history":[{"count":0,"href":"https:\/\/linitiative.ca\/International\/wp-json\/wp\/v2\/posts\/29833\/revisions"}],"wp:attachment":[{"href":"https:\/\/linitiative.ca\/International\/wp-json\/wp\/v2\/media?parent=29833"}],"wp:term":[{"taxonomy":"category","embeddable":true,"href":"https:\/\/linitiative.ca\/International\/wp-json\/wp\/v2\/categories?post=29833"},{"taxonomy":"post_tag","embeddable":true,"href":"https:\/\/linitiative.ca\/International\/wp-json\/wp\/v2\/tags?post=29833"}],"curies":[{"name":"wp","href":"https:\/\/api.w.org\/{rel}","templated":true}]}}