{"id":29834,"date":"2019-04-24T06:38:56","date_gmt":"2019-04-24T10:38:56","guid":{"rendered":"https:\/\/linitiative.ca\/International\/tennis-le-maroc-au-championnat-africain-u14-en-afrique-du-sud\/"},"modified":"2019-04-24T06:38:56","modified_gmt":"2019-04-24T10:38:56","slug":"tennis-le-maroc-au-championnat-africain-u14-en-afrique-du-sud","status":"publish","type":"post","link":"https:\/\/linitiative.ca\/International\/tennis-le-maroc-au-championnat-africain-u14-en-afrique-du-sud\/","title":{"rendered":"Tennis : Le Maroc au Championnat africain U14 en Afrique du Sud"},"content":{"rendered":"<header>\n<div class=\"entry-post-meta\">\n<div class=\"author-link\">Publi\u00e9 par <a itemprop=\"author\" itemscope=\"\" itemtype=\"https:\/\/schema.org\/Person\" href=\"http:\/\/aujourdhui.ma\/profile\/kaid\" rel=\"author\"><span itemprop=\"name\">ALM<\/span><\/a><\/div>\n<p>Date\u00a0:<time content=\"2019-04-24T11:38:56+00:00\" class=\"entry-date updated\" datetime=\"2019-04-24T11:38:56+00:00\">avril 24, 2019<\/time><\/p>\n<div class=\"entry-cat\">dans:<a href=\"http:\/\/aujourdhui.ma\/category\/sports\" rel=\"category tag\">Sports<\/a><\/div>\n<p>0 Vues<\/p>\n<\/div>\n<\/header>\n<div class=\"entry-content clearfix\" readability=\"43\"><img decoding=\"async\" class=\"post_layout_5_img\" src=\"http:\/\/aujourdhui.ma\/wp-content\/uploads\/2016\/03\/tennis.jpg?x29840\" alt=\"Tennis : Le Maroc au Championnat africain U14 en Afrique du Sud\"\/><\/p>\n<p class=\"p1\"><span class=\"c4\"><strong><span class=\"s1\">Le Maroc prendra part au Championnat africain de tennis des moins de 14 ans, qui auront lieu, du 24 au 28 avril, \u00e0 Benoni, pr\u00e8s de Johannesburg. Lors de ce tournoi, le Maroc sera repr\u00e9sent\u00e9 par 8 joueurs (4 filles et 4 gar\u00e7ons).<\/span><\/strong><\/span><span id=\"more-309836\"\/><\/p>\n<p class=\"p1\"><span class=\"s1\">Le Maroc avait remport\u00e9 l\u2019\u00e9dition 2018 de cette manifestation, qui se tient pour la quatri\u00e8me ann\u00e9e cons\u00e9cutive en Afrique du Sud.<\/span><\/p>\n<\/div>\n<p>Auteur: ALM<br \/>\n<a href=\"http:\/\/aujourdhui.ma\/sports\/tennis-le-maroc-au-championnat-africain-u14-en-afrique-du-sud\">Cliquez ici pour lire l&rsquo;article depuis sa source.<\/a><\/p>\n","protected":false},"excerpt":{"rendered":"<p>Publi\u00e9 par ALM Date\u00a0:avril 24, 2019 dans:Sports 0 Vues Le Maroc prendra part au Championnat africain de tennis des moins de 14 ans, qui auront lieu, du 24 au 28 avril, \u00e0 Benoni, pr\u00e8s de Johannesburg. Lors de ce tournoi, le Maroc sera repr\u00e9sent\u00e9 par 8 joueurs (4 filles et 4 gar\u00e7ons). Le Maroc avait [&hellip;]<\/p>\n","protected":false},"author":1759,"featured_media":0,"comment_status":"closed","ping_status":"closed","sticky":false,"template":"","format":"standard","meta":{"fifu_image_url":"","fifu_image_alt":"","footnotes":""},"categories":[73,54],"tags":[],"class_list":["post-29834","post","type-post","status-publish","format-standard","hentry","category-actualite","category-maroc"],"_links":{"self":[{"href":"https:\/\/linitiative.ca\/International\/wp-json\/wp\/v2\/posts\/29834","targetHints":{"allow":["GET"]}}],"collection":[{"href":"https:\/\/linitiative.ca\/International\/wp-json\/wp\/v2\/posts"}],"about":[{"href":"https:\/\/linitiative.ca\/International\/wp-json\/wp\/v2\/types\/post"}],"author":[{"embeddable":true,"href":"https:\/\/linitiative.ca\/International\/wp-json\/wp\/v2\/users\/1759"}],"replies":[{"embeddable":true,"href":"https:\/\/linitiative.ca\/International\/wp-json\/wp\/v2\/comments?post=29834"}],"version-history":[{"count":0,"href":"https:\/\/linitiative.ca\/International\/wp-json\/wp\/v2\/posts\/29834\/revisions"}],"wp:attachment":[{"href":"https:\/\/linitiative.ca\/International\/wp-json\/wp\/v2\/media?parent=29834"}],"wp:term":[{"taxonomy":"category","embeddable":true,"href":"https:\/\/linitiative.ca\/International\/wp-json\/wp\/v2\/categories?post=29834"},{"taxonomy":"post_tag","embeddable":true,"href":"https:\/\/linitiative.ca\/International\/wp-json\/wp\/v2\/tags?post=29834"}],"curies":[{"name":"wp","href":"https:\/\/api.w.org\/{rel}","templated":true}]}}