{"id":29838,"date":"2019-04-23T16:15:00","date_gmt":"2019-04-23T20:15:00","guid":{"rendered":"https:\/\/linitiative.ca\/International\/le-general-chentouf-a-fui-via-laeroport-doran\/"},"modified":"2019-04-23T16:15:00","modified_gmt":"2019-04-23T20:15:00","slug":"le-general-chentouf-a-fui-via-laeroport-doran","status":"publish","type":"post","link":"https:\/\/linitiative.ca\/International\/le-general-chentouf-a-fui-via-laeroport-doran\/","title":{"rendered":"Le g\u00e9n\u00e9ral Chentouf a fui via l\u2019a\u00e9roport d\u2019Oran"},"content":{"rendered":"<p><br id=\"sep_para_1\" class=\"sep_para access\"\/><\/p>\n<div id=\"para_1\" class=\"para_30575974 resize\">\n<div class=\"photo shadow left\"><a href=\"javascript:void(0)\" rel=\"https:\/\/www.reflexiondz.net\/photo\/art\/grande\/32979232-30575974.jpg?v=1556052630&#038;ibox\" title=\"Le g\u00e9n\u00e9ral Chentouf a fui via l\u2019a\u00e9roport d\u2019Oran\"><img decoding=\"async\" class=\"responsive c9\" src=\"https:\/\/www.reflexiondz.net\/photo\/art\/grande\/32979232-30575974.jpg?v=1556052630\" alt=\"Le g\u00e9n\u00e9ral Chentouf a fui via l\u2019a\u00e9roport d\u2019Oran\" title=\"Le g\u00e9n\u00e9ral Chentouf a fui via l\u2019a\u00e9roport d\u2019Oran\"\/><img decoding=\"async\" class=\"not-responsive\" src=\"https:\/\/www.reflexiondz.net\/photo\/art\/default\/32979232-30575974.jpg?v=1556052632\" alt=\"Le g\u00e9n\u00e9ral Chentouf a fui via l\u2019a\u00e9roport d\u2019Oran\" title=\"Le g\u00e9n\u00e9ral Chentouf a fui via l\u2019a\u00e9roport d\u2019Oran\"\/><\/a><\/div>\n<div class=\"texte access firstletter\">La justice militaire vient de lancer officiellement un mandat d\u2019arr\u00eat contre l\u2019ancien commandant de la 1\u00e8re RM, le g\u00e9n\u00e9ral-major Chentouf Habib pour \u00ab dissipation et recel d\u2019armes et de munitions de guerre et infraction aux consignes de l\u2019arm\u00e9e \u00bb. Or, ce dernier ne se trouve plus en Alg\u00e9rie. Il a quitt\u00e9 le pays pour s\u00e9journer en France, a-t-on appris de sources s\u00fbres. D\u2019apr\u00e8s plusieurs sources, le g\u00e9n\u00e9ral-major Habib Chentouf n\u2019\u00e9tait plus soumis \u00e0 une interdiction de quitter le territoire national lorsqu\u2019il avait pris un avion \u00e0 destination de Paris. Or, son d\u00e9part pr\u00e9cipit\u00e9 depuis l\u2019a\u00e9roport d\u2019Oran a suscit\u00e9 une \u00e9norme pol\u00e9mique car il \u00e9tait soumis \u00e0 un contr\u00f4le judiciaire et la direction centrale de la s\u00e9curit\u00e9 de l\u2019Arm\u00e9e a ouvert une enqu\u00eate pour identifier les conditions dans lesquelles cet ancien puissant haut grad\u00e9 de l\u2019ANP a pu quitter le pays.<\/div>\n<\/div>\n<p>Auteur: R\u00e9flexion<br \/>\n<a href=\"https:\/\/www.reflexiondz.net\/Le-general-Chentouf-a-fui-via-l-aeroport-d-Oran_a55541.html\">Cliquez ici pour lire l&rsquo;article depuis sa source.<\/a><\/p>\n","protected":false},"excerpt":{"rendered":"<p>La justice militaire vient de lancer officiellement un mandat d\u2019arr\u00eat contre l\u2019ancien commandant de la 1\u00e8re RM, le g\u00e9n\u00e9ral-major Chentouf Habib pour \u00ab dissipation et recel d\u2019armes et de munitions de guerre et infraction aux consignes de l\u2019arm\u00e9e \u00bb. Or, ce dernier ne se trouve plus en Alg\u00e9rie. Il a quitt\u00e9 le pays pour s\u00e9journer [&hellip;]<\/p>\n","protected":false},"author":1740,"featured_media":0,"comment_status":"closed","ping_status":"closed","sticky":false,"template":"","format":"standard","meta":{"fifu_image_url":"","fifu_image_alt":"","footnotes":""},"categories":[53,76],"tags":[],"class_list":["post-29838","post","type-post","status-publish","format-standard","hentry","category-algerie","category-regions"],"_links":{"self":[{"href":"https:\/\/linitiative.ca\/International\/wp-json\/wp\/v2\/posts\/29838","targetHints":{"allow":["GET"]}}],"collection":[{"href":"https:\/\/linitiative.ca\/International\/wp-json\/wp\/v2\/posts"}],"about":[{"href":"https:\/\/linitiative.ca\/International\/wp-json\/wp\/v2\/types\/post"}],"author":[{"embeddable":true,"href":"https:\/\/linitiative.ca\/International\/wp-json\/wp\/v2\/users\/1740"}],"replies":[{"embeddable":true,"href":"https:\/\/linitiative.ca\/International\/wp-json\/wp\/v2\/comments?post=29838"}],"version-history":[{"count":0,"href":"https:\/\/linitiative.ca\/International\/wp-json\/wp\/v2\/posts\/29838\/revisions"}],"wp:attachment":[{"href":"https:\/\/linitiative.ca\/International\/wp-json\/wp\/v2\/media?parent=29838"}],"wp:term":[{"taxonomy":"category","embeddable":true,"href":"https:\/\/linitiative.ca\/International\/wp-json\/wp\/v2\/categories?post=29838"},{"taxonomy":"post_tag","embeddable":true,"href":"https:\/\/linitiative.ca\/International\/wp-json\/wp\/v2\/tags?post=29838"}],"curies":[{"name":"wp","href":"https:\/\/api.w.org\/{rel}","templated":true}]}}