{"id":29841,"date":"2019-04-24T06:45:00","date_gmt":"2019-04-24T10:45:00","guid":{"rendered":"https:\/\/linitiative.ca\/International\/al-hoceima-aura-son-grand-stade-de-football\/"},"modified":"2019-04-24T06:45:00","modified_gmt":"2019-04-24T10:45:00","slug":"al-hoceima-aura-son-grand-stade-de-football","status":"publish","type":"post","link":"https:\/\/linitiative.ca\/International\/al-hoceima-aura-son-grand-stade-de-football\/","title":{"rendered":"Al Hoce\u00efma aura son grand stade de football"},"content":{"rendered":"<div readability=\"34\">\n<p>Les travaux s\u2019acc\u00e9l\u00e8rent pour une entr\u00e9e en service d\u00e8s 2020<\/p>\n<p>Un projet de 350 millions de DH avec une capacit\u00e9 pour 35.000 spectateurs<\/p>\n<\/div>\n<div readability=\"71\">\n<div class=\"dnd-atom-wrapper type-image context-sdl_editor_representation\" contenteditable=\"false\" readability=\"32.5\">\n<div class=\"dnd-drop-wrapper image\"><img loading=\"lazy\" decoding=\"async\" typeof=\"foaf:Image\" class=\"img-responsive\" src=\"https:\/\/mobile.leconomiste.com\/sites\/default\/files\/eco7\/public\/thumbnails\/image\/al_hoceima_001.jpg\" width=\"800\" height=\"324\" alt=\"al_hoceima_001.jpg\" title=\"al_hoceima_001.jpg\"\/><\/div>\n<div class=\"dnd-legend-wrapper\" contenteditable=\"true\" readability=\"10\">\n<p class=\"rtejustify\">A l\u2019instar de T\u00e9touan et de Tanger, Al Hoce\u00efma disposera sous peu de son propre grand stade de football, le premier noyau d\u2019un village sportif avec une piscine olympique et une salle omnisports<\/p>\n<\/div>\n<\/div>\n<p class=\"rtejustify\">La ville d\u2019Al Hoce\u00efma acc\u00e9l\u00e8re le rythme. En mati\u00e8re de sport, la ville qui a tant fait parler d\u2019elle ces derni\u00e8res ann\u00e9es tente de rattraper son retard avec le lancement de plusieurs chantiers dont l\u2019un des plus importants est celui du Grand stade de football. Le projet qui fait partie du programme Manarat Al Motawassit sera calqu\u00e9 sur le grand stade de sa voisine T\u00e9touan avec une capacit\u00e9 pour accueillir 35.000 spectateurs.<\/p>\n<p class=\"rtejustify\">Le co\u00fbt du projet atteint les 350 millions de DH. Le projet compte avec un terrain principal et un autre d\u2019entra\u00eenement de 9000 m2, cinq parkings d\u2019une capacit\u00e9 globale de 2500 places, en plus d\u2019une salle de conf\u00e9rences et une salle de r\u00e9ception et une aire d\u2019exposition pour les sponsors.<\/p>\n<p class=\"rtejustify\">Selon plusieurs informations, le stade pourrait entrer en service en 2020. Les travaux de terrassement ont d\u00e9j\u00e0 d\u00e9marr\u00e9 et une enveloppe de 14,4 millions de DH vient d\u2019\u00eatre allou\u00e9e pour le financement de son \u00e9tude architecturale par le conseil de la r\u00e9gion de Tanger-T\u00e9touan-Al Hoce\u00efma au profit de l\u2019Agence de d\u00e9veloppement des provinces du nord, APDN.<\/p>\n<p class=\"rtejustify\">Le terrain pourrait permettre de faire d\u2019une pierre deux coups, permettre \u00e0 l\u2019\u00e9quipe de foot locale d\u2019avoir un terrain de premi\u00e8re cat\u00e9gorie pour ses rencontres officielles et ses entra\u00eenements mais aussi de drainer nombre de rencontres internationales et d\u2019\u00e9v\u00e9nements para-sportifs comme des \u00abteam buildings\u00bb par exemple.<\/p>\n<p class=\"rtejustify\">C\u2019est le cas par exemple du grand stade Ibn Battouta de Tanger qui a r\u00e9ussi \u00e0 attirer un grand nombre d\u2019\u00e9v\u00e9nements de taille internationale, gr\u00e2ce \u00e0 sa proximit\u00e9 g\u00e9ographique avec l\u2019Europe, entre autres.<\/p>\n<p class=\"rtejustify\">Les installations sportives seront bonifi\u00e9es avec d\u2019autres \u00e9quipements comme c\u2019est le cas d\u2019une piscine olympique couverte d\u2019un co\u00fbt total de 80 millions de DH et d\u2019une salle couverte omnisports de 40 millions de DH. De quoi mettre en place un v\u00e9ritable village sportif id\u00e9al pour les concentrations sportives et les entra\u00eenements d\u2019\u00e9quipes marocaines ou internationales.<\/p>\n<p class=\"rtejustify\"><em>De notre correspondant permanent, Ali ABJIOU<\/em><\/p>\n<\/div>\n<p>Auteur: hlafriqi<br \/>\n<a href=\"https:\/\/www.leconomiste.com\/article\/1044145-al-hoceima-aura-son-grand-stade-de-football\">Cliquez ici pour lire l&rsquo;article depuis sa source.<\/a><\/p>\n","protected":false},"excerpt":{"rendered":"<p>Les travaux s\u2019acc\u00e9l\u00e8rent pour une entr\u00e9e en service d\u00e8s 2020 Un projet de 350 millions de DH avec une capacit\u00e9 pour 35.000 spectateurs A l\u2019instar de T\u00e9touan et de Tanger, Al Hoce\u00efma disposera sous peu de son propre grand stade de football, le premier noyau d\u2019un village sportif avec une piscine olympique et une salle [&hellip;]<\/p>\n","protected":false},"author":1763,"featured_media":29844,"comment_status":"closed","ping_status":"closed","sticky":false,"template":"","format":"standard","meta":{"fifu_image_url":"","fifu_image_alt":"","footnotes":""},"categories":[78,54],"tags":[],"class_list":["post-29841","post","type-post","status-publish","format-standard","has-post-thumbnail","hentry","category-economie","category-maroc"],"_links":{"self":[{"href":"https:\/\/linitiative.ca\/International\/wp-json\/wp\/v2\/posts\/29841","targetHints":{"allow":["GET"]}}],"collection":[{"href":"https:\/\/linitiative.ca\/International\/wp-json\/wp\/v2\/posts"}],"about":[{"href":"https:\/\/linitiative.ca\/International\/wp-json\/wp\/v2\/types\/post"}],"author":[{"embeddable":true,"href":"https:\/\/linitiative.ca\/International\/wp-json\/wp\/v2\/users\/1763"}],"replies":[{"embeddable":true,"href":"https:\/\/linitiative.ca\/International\/wp-json\/wp\/v2\/comments?post=29841"}],"version-history":[{"count":0,"href":"https:\/\/linitiative.ca\/International\/wp-json\/wp\/v2\/posts\/29841\/revisions"}],"wp:featuredmedia":[{"embeddable":true,"href":"https:\/\/linitiative.ca\/International\/wp-json\/"}],"wp:attachment":[{"href":"https:\/\/linitiative.ca\/International\/wp-json\/wp\/v2\/media?parent=29841"}],"wp:term":[{"taxonomy":"category","embeddable":true,"href":"https:\/\/linitiative.ca\/International\/wp-json\/wp\/v2\/categories?post=29841"},{"taxonomy":"post_tag","embeddable":true,"href":"https:\/\/linitiative.ca\/International\/wp-json\/wp\/v2\/tags?post=29841"}],"curies":[{"name":"wp","href":"https:\/\/api.w.org\/{rel}","templated":true}]}}