{"id":29842,"date":"2019-04-24T06:49:04","date_gmt":"2019-04-24T10:49:04","guid":{"rendered":"https:\/\/linitiative.ca\/International\/herve-renard-passe-au-confessionnal\/"},"modified":"2019-04-24T06:49:04","modified_gmt":"2019-04-24T10:49:04","slug":"herve-renard-passe-au-confessionnal","status":"publish","type":"post","link":"https:\/\/linitiative.ca\/International\/herve-renard-passe-au-confessionnal\/","title":{"rendered":"Herv\u00e9 Renard passe au confessionnal"},"content":{"rendered":"<p><img decoding=\"async\" class=\"post_layout_5_img\" src=\"http:\/\/aujourdhui.ma\/wp-content\/uploads\/2019\/04\/Herve%CC%81-Renar.jpg?x29840\" alt=\"Herv\u00e9 Renard passe au confessionnal\"\/><\/p>\n<p class=\"p1\"><span class=\"c4\"><strong><em>Invit\u00e9 de l\u2019\u00e9mission \u00abLe Vestiaire\u00bb diffus\u00e9e lundi soir sur RMC Sport<\/em><\/strong><\/span><span id=\"more-309843\"\/><\/p>\n<div class=\"base-box mom_box_sc_custom mom_box_sc clear c5\" readability=\"12\">\n<p class=\"p1\"><strong><em>On est partis \u00e0 Amsterdam et au bout de trois minutes de conversation, tout \u00e9tait r\u00e9gl\u00e9. Hakim avait envie de revenir, il est tr\u00e8s attach\u00e9 \u00e0 son \u00e9quipe nationale. Cette erreur, j\u2019en suis responsable \u00e0 99%.<\/em><\/strong><\/p>\n<\/div>\n<p class=\"p1\"><span class=\"s1\">Lors de l\u2019\u00e9mission \u00abLe Vestiaire\u00bb diffus\u00e9e lundi soir sur RMC Sport, Herv\u00e9 Renard s\u2019est exprim\u00e9 sur de nombreux sujets li\u00e9s \u00e0 la s\u00e9lection nationale. Avec son franc-parler habituel, l\u2019entra\u00eeneur a d\u00e9montr\u00e9 une fois de plus son professionnalisme et sa grande humilit\u00e9.<\/span><\/p>\n<p class=\"p1\"><span class=\"s1\">A l\u2019approche du plus grand rendez-vous footballistique africain qu\u2019est la Coupe d\u2019Afrique des Nations, les pr\u00e9sentateurs Emmanuel Petit et Frank Leboeuf ont mis l\u2019accent sur l\u2019\u00e9ventuelle composition du Onze national ainsi que le d\u00e9roulement des pr\u00e9parations.<\/span><\/p>\n<p class=\"p1\"><span class=\"s1\">S\u00e9lectionneur du Maroc depuis f\u00e9vrier 2016, Renard a soulign\u00e9 que le plus important c\u2019est l\u2019homog\u00e9n\u00e9it\u00e9 du groupe. Celui-ci devait \u00eatre compos\u00e9 de joueurs qui r\u00e9pondent \u00e0 des crit\u00e8res tels que le d\u00e9vouement et l\u2019esprit d\u2019\u00e9quipe. La liste des retenus comprendrait majoritairement les joueurs ayant disput\u00e9 le Mondial russe avec en outre l\u2019appel en renfort de nouveaux \u00e9l\u00e9ments tels que Oussama Idrissi (AZ Alkmaar), Noussair Mazraoui (Ajax Amsterdam) et Ynuis Abdelhamid (Stade de Reims).<\/span><\/p>\n<p class=\"p1\"><span class=\"s1\">Bien que la liste d\u00e9voil\u00e9e ne soit qu\u2019\u00e0 titre indicatif, elle a \u00e9t\u00e9 marqu\u00e9e par l\u2019absence de joueurs locaux \u00e0 l\u2019exception du portier du Wydad, Reda Tagnaouiti.<\/span><\/p>\n<p class=\"p1\"><span class=\"s1\">Autre sujet abord\u00e9, celui de l\u2019autre p\u00e9pite de l\u2019Ajax Amsterdam, Hakim Ziyech, et qui fait actuellement couler beaucoup d\u2019encre en raison de l\u2019int\u00e9r\u00eat grandissant de grands clubs europ\u00e9ens qui ambitionnent de s\u2019attacher ses services. Tendue, la relation entre Renard et Ziyech \u00e9tait tout sauf bonne \u00e0 son commencement. A l\u2019\u00e9poque, le joueur, actuel demi-finaliste de la Ligue des champions, a d\u00e9clar\u00e9 ne plus vouloir jouer en s\u00e9lection tant que Herv\u00e9 Renard \u00e9tait sur le banc. Avec le recul, l\u2019entra\u00eeneur national a fait son mea culpa.<\/span><\/p>\n<p class=\"p1\"><span class=\"s1\"><em>\u00abJe suis nomm\u00e9 s\u00e9lectionneur, je commence l\u2019entra\u00eenement le lundi. On joue le samedi au Cap-Vert, sur un terrain synth\u00e9tique avec beaucoup de vent, un match typiquement africain dans les caract\u00e9ristiques que je connais,<\/em> se souvient-il<em>. Je mets Hakim dans les<\/em> <em>tribunes. On commence sur des bases difficiles. On joue le retour au Maroc trois jours apr\u00e8s, il rentre 25 minutes. Mais il n\u2019\u00e9tait certainement pas satisfait du stage dans son int\u00e9gralit\u00e9. Je commets l\u00e0 une erreur : je ne lui parle pas. Chacun part de son c\u00f4t\u00e9. La situation se crispe. Il revient, la troisi\u00e8me fois, il est un peu bless\u00e9\u2026 jusqu\u2019\u00e0 ce que je ne le s\u00e9lectionne plus.\u00bb<\/em><\/span><\/p>\n<p class=\"p1\"><span class=\"s1\">Ce n\u2019est que sur initiative du pr\u00e9sident de la F\u00e9dration royale marocaine de football que les deux hommes partent \u00e0 la rencontre de Ziyech afin de mettre fin \u00e0 cet imbroglio.<\/span><\/p>\n<p class=\"p1\"><span class=\"s1\"><em>\u00abOn est partis \u00e0 Amsterdam et au bout de trois minutes de conversation, tout \u00e9tait r\u00e9gl\u00e9. Lui avait envie de revenir, il est tr\u00e8s attach\u00e9 \u00e0 son \u00e9quipe nationale. Cette erreur, j\u2019en suis responsable \u00e0 99%. Aujourd\u2019hui le probl\u00e8me est plus que r\u00e9gl\u00e9.\u00bb<\/em><\/span><\/p>\n<p class=\"p1\"><span class=\"s1\">Par ailleurs, Herv\u00e9 Renard s\u2019est \u00e9galement exprim\u00e9 au sujet des cas de fraude sur l\u2019\u00e2ge dans les comp\u00e9titions de jeunes en Afrique faisant allusion \u00e0 l\u2019\u00e9limination pr\u00e9coce du Maroc des CAN U17.<\/span><\/p>\n<p class=\"p1\"><span class=\"s1\">Pour lui, la falsification des \u00e2ges est une pratique qu\u2019exercent encore certaines f\u00e9d\u00e9rations. <em>\u00abCela ne fera pas plaisir que je dise \u00e7a, mais c\u2019est un fl\u00e9au important auquel il faut rem\u00e9dier pour l\u2019int\u00e9r\u00eat du football africain\u00bb,<\/em> a-t-il fait remarquer.<\/span><\/p>\n<p>Auteur: Hakim Bahechar<br \/>\n<a href=\"http:\/\/aujourdhui.ma\/sports\/herve-renard-passe-au-confessionnal\">Cliquez ici pour lire l&rsquo;article depuis sa source.<\/a><\/p>\n","protected":false},"excerpt":{"rendered":"<p>Invit\u00e9 de l\u2019\u00e9mission \u00abLe Vestiaire\u00bb diffus\u00e9e lundi soir sur RMC Sport On est partis \u00e0 Amsterdam et au bout de trois minutes de conversation, tout \u00e9tait r\u00e9gl\u00e9. Hakim avait envie de revenir, il est tr\u00e8s attach\u00e9 \u00e0 son \u00e9quipe nationale. Cette erreur, j\u2019en suis responsable \u00e0 99%. Lors de l\u2019\u00e9mission \u00abLe Vestiaire\u00bb diffus\u00e9e lundi soir [&hellip;]<\/p>\n","protected":false},"author":1759,"featured_media":0,"comment_status":"closed","ping_status":"closed","sticky":false,"template":"","format":"standard","meta":{"fifu_image_url":"","fifu_image_alt":"","footnotes":""},"categories":[73,54],"tags":[],"class_list":["post-29842","post","type-post","status-publish","format-standard","hentry","category-actualite","category-maroc"],"_links":{"self":[{"href":"https:\/\/linitiative.ca\/International\/wp-json\/wp\/v2\/posts\/29842","targetHints":{"allow":["GET"]}}],"collection":[{"href":"https:\/\/linitiative.ca\/International\/wp-json\/wp\/v2\/posts"}],"about":[{"href":"https:\/\/linitiative.ca\/International\/wp-json\/wp\/v2\/types\/post"}],"author":[{"embeddable":true,"href":"https:\/\/linitiative.ca\/International\/wp-json\/wp\/v2\/users\/1759"}],"replies":[{"embeddable":true,"href":"https:\/\/linitiative.ca\/International\/wp-json\/wp\/v2\/comments?post=29842"}],"version-history":[{"count":0,"href":"https:\/\/linitiative.ca\/International\/wp-json\/wp\/v2\/posts\/29842\/revisions"}],"wp:attachment":[{"href":"https:\/\/linitiative.ca\/International\/wp-json\/wp\/v2\/media?parent=29842"}],"wp:term":[{"taxonomy":"category","embeddable":true,"href":"https:\/\/linitiative.ca\/International\/wp-json\/wp\/v2\/categories?post=29842"},{"taxonomy":"post_tag","embeddable":true,"href":"https:\/\/linitiative.ca\/International\/wp-json\/wp\/v2\/tags?post=29842"}],"curies":[{"name":"wp","href":"https:\/\/api.w.org\/{rel}","templated":true}]}}