{"id":29852,"date":"2019-04-23T19:00:00","date_gmt":"2019-04-23T23:00:00","guid":{"rendered":"https:\/\/linitiative.ca\/International\/apres-avoir-comparu-devant-le-procureur-issad-rebrab-place-sous-mandat-de-depot\/"},"modified":"2019-04-23T19:00:00","modified_gmt":"2019-04-23T23:00:00","slug":"apres-avoir-comparu-devant-le-procureur-issad-rebrab-place-sous-mandat-de-depot","status":"publish","type":"post","link":"https:\/\/linitiative.ca\/International\/apres-avoir-comparu-devant-le-procureur-issad-rebrab-place-sous-mandat-de-depot\/","title":{"rendered":"Apr\u00e8s avoir comparu devant le Procureur : Issad Rebrab plac\u00e9 sous mandat de d\u00e9p\u00f4t"},"content":{"rendered":"<p>Le pr\u00e9sident-directeur g\u00e9n\u00e9ral (PDG) du groupe Cevital, Issad Rebrab, qui a comparu lundi apr\u00e8s-midi devant le procureur de la R\u00e9publique pr\u00e8s le tribunal de Sidi M\u2019hamed \u00e0 Alger, pour \u00eatre auditionn\u00e9 dans le cadre d\u2019une enqu\u00eate anti-corruption, a \u00e9t\u00e9 plac\u00e9 sous mandat de d\u00e9p\u00f4t.<br \/>Interpell\u00e9 t\u00f4t dans la journ\u00e9e de lundi par des \u00e9l\u00e9ments de la Gendarmerie nationale, M. Rebrab avait \u00e9t\u00e9 auditionn\u00e9 par la section de recherches qui \u00abpoursuit ses enqu\u00eates pr\u00e9liminaires \u00e0 l\u2019encontre de plusieurs hommes d\u2019affaires, dont certains interdits de sortie du territoire national\u00bb, pour leur implication dans des affaires de corruption. L\u2019homme d\u2019affaires a \u00e9t\u00e9 pr\u00e9sent\u00e9 ensuite devant le procureur de la R\u00e9publique pr\u00e8s le tribunal de Sidi M\u2019hamed, pour r\u00e9pondre des chefs d\u2019accusation de \u00abfausse d\u00e9claration relative aux transferts illicites de capitaux de et vers l\u2019\u00e9tranger, surfacturation d\u2019\u00e9quipements import\u00e9s et importation de mat\u00e9riels d\u2019occasion, alors qu\u2019il avait b\u00e9n\u00e9fici\u00e9 d\u2019avantages douaniers, fiscaux et bancaires\u00bb.<br \/>Plusieurs heures apr\u00e8s l\u2019audience, il a \u00e9t\u00e9 plac\u00e9 sous mandat de d\u00e9p\u00f4t. Sa sortie du tribunal, durant la soir\u00e9e, dans un fourgon de la Gendarmerie nationale, pour \u00eatre transf\u00e9r\u00e9 vers la prison d\u2019El-Harrach, a vu quelques escarmouches entre des personnes pr\u00e9sentes sur les lieux, dont certaines rejetaient la d\u00e9cision du tribunal, et d\u2019autres l\u2019ont salu\u00e9e.<br \/>\u00a0Par ailleurs, la m\u00eame brigade a interpell\u00e9, dimanche, les hommes d\u2019affaires Kouninef, les fr\u00e8res Reda, Abdelkader, Karim et Tarek, suspect\u00e9s de \u00abnon-respect des engagements contractuels dans la r\u00e9alisation de projets publics, trafic d\u2019influence avec des fonctionnaires publics pour l\u2019obtention de privil\u00e8ges et d\u00e9tournement de fonciers et de concessions\u00bb.<br \/>Les suspects seront pr\u00e9sent\u00e9s devant le procureur de la R\u00e9publique du tribunal de Sidi M\u2019hamed, une fois l\u2019enqu\u00eate finalis\u00e9e.<br \/>\u00a0<\/p>\n<p>Auteur: elmoudjahid<br \/>\n<a href=\"http:\/\/www.elmoudjahid.com\/fr\/actualites\/136164\">Cliquez ici pour lire l&rsquo;article depuis sa source.<\/a><\/p>\n","protected":false},"excerpt":{"rendered":"<p>Le pr\u00e9sident-directeur g\u00e9n\u00e9ral (PDG) du groupe Cevital, Issad Rebrab, qui a comparu lundi apr\u00e8s-midi devant le procureur de la R\u00e9publique pr\u00e8s le tribunal de Sidi M\u2019hamed \u00e0 Alger, pour \u00eatre auditionn\u00e9 dans le cadre d\u2019une enqu\u00eate anti-corruption, a \u00e9t\u00e9 plac\u00e9 sous mandat de d\u00e9p\u00f4t.Interpell\u00e9 t\u00f4t dans la journ\u00e9e de lundi par des \u00e9l\u00e9ments de la [&hellip;]<\/p>\n","protected":false},"author":1744,"featured_media":0,"comment_status":"closed","ping_status":"closed","sticky":false,"template":"","format":"standard","meta":{"fifu_image_url":"","fifu_image_alt":"","footnotes":""},"categories":[73,53],"tags":[],"class_list":["post-29852","post","type-post","status-publish","format-standard","hentry","category-actualite","category-algerie"],"_links":{"self":[{"href":"https:\/\/linitiative.ca\/International\/wp-json\/wp\/v2\/posts\/29852","targetHints":{"allow":["GET"]}}],"collection":[{"href":"https:\/\/linitiative.ca\/International\/wp-json\/wp\/v2\/posts"}],"about":[{"href":"https:\/\/linitiative.ca\/International\/wp-json\/wp\/v2\/types\/post"}],"author":[{"embeddable":true,"href":"https:\/\/linitiative.ca\/International\/wp-json\/wp\/v2\/users\/1744"}],"replies":[{"embeddable":true,"href":"https:\/\/linitiative.ca\/International\/wp-json\/wp\/v2\/comments?post=29852"}],"version-history":[{"count":0,"href":"https:\/\/linitiative.ca\/International\/wp-json\/wp\/v2\/posts\/29852\/revisions"}],"wp:attachment":[{"href":"https:\/\/linitiative.ca\/International\/wp-json\/wp\/v2\/media?parent=29852"}],"wp:term":[{"taxonomy":"category","embeddable":true,"href":"https:\/\/linitiative.ca\/International\/wp-json\/wp\/v2\/categories?post=29852"},{"taxonomy":"post_tag","embeddable":true,"href":"https:\/\/linitiative.ca\/International\/wp-json\/wp\/v2\/tags?post=29852"}],"curies":[{"name":"wp","href":"https:\/\/api.w.org\/{rel}","templated":true}]}}