{"id":29854,"date":"2019-04-23T16:27:00","date_gmt":"2019-04-23T20:27:00","guid":{"rendered":"https:\/\/linitiative.ca\/International\/presidence-de-la-republique-le-pdg-de-sonatrachould-kaddour-limoge\/"},"modified":"2019-04-23T16:27:00","modified_gmt":"2019-04-23T20:27:00","slug":"presidence-de-la-republique-le-pdg-de-sonatrachould-kaddour-limoge","status":"publish","type":"post","link":"https:\/\/linitiative.ca\/International\/presidence-de-la-republique-le-pdg-de-sonatrachould-kaddour-limoge\/","title":{"rendered":"PRESIDENCE DE LA REPUBLIQUE : Le PDG de Sonatrach,Ould Kaddour, limog\u00e9"},"content":{"rendered":"<p><br id=\"sep_para_1\" class=\"sep_para access\"\/><\/p>\n<div id=\"para_1\" class=\"para_30576132 resize\">\n<div class=\"photo shadow left\"><a href=\"javascript:void(0)\" rel=\"https:\/\/www.reflexiondz.net\/photo\/art\/grande\/32979456-30576132.jpg?v=1556052591&#038;ibox\" title=\"PRESIDENCE DE LA REPUBLIQUE : Le PDG de Sonatrach,Ould Kaddour, limog\u00e9\"><img decoding=\"async\" class=\"responsive c9\" src=\"https:\/\/www.reflexiondz.net\/photo\/art\/grande\/32979456-30576132.jpg?v=1556052591\" alt=\"PRESIDENCE DE LA REPUBLIQUE : Le PDG de Sonatrach,Ould Kaddour, limog\u00e9\" title=\"PRESIDENCE DE LA REPUBLIQUE : Le PDG de Sonatrach,Ould Kaddour, limog\u00e9\"\/><img decoding=\"async\" class=\"not-responsive\" src=\"https:\/\/www.reflexiondz.net\/photo\/art\/default\/32979456-30576132.jpg?v=1556052593\" alt=\"PRESIDENCE DE LA REPUBLIQUE : Le PDG de Sonatrach,Ould Kaddour, limog\u00e9\" title=\"PRESIDENCE DE LA REPUBLIQUE : Le PDG de Sonatrach,Ould Kaddour, limog\u00e9\"\/><\/a><\/div>\n<div class=\"texte access firstletter\">Le Pr\u00e9sident Directeur g\u00e9n\u00e9ral de Sonatrach, Abdelmoumen Ould Kaddour, a \u00e9t\u00e9 limog\u00e9, hier, mardi 23 avril, a annonc\u00e9 la t\u00e9l\u00e9vision publique ENTV. Le chef de l&rsquo;Etat Abdelkader Bensalah a nomm\u00e9, mardi, Rachid Hachichi au poste de PDG de Sonatrach en remplacement de Abdelmoum\u00e8ne Ould Kaddour, rapporte la t\u00e9l\u00e9vision d&rsquo;Etat : \u00ab Le chef de l&rsquo;Etat a nomm\u00e9 dans la m\u00eame journ\u00e9e du mardi, M. Rachid Hachichi, \u00e0 la fonction de Pr\u00e9sident Directeur G\u00e9n\u00e9ral du groupe SONATRACH en remplacement de Ould Kaddour dont il a \u00e9t\u00e9 mis fin \u00e0 ses fonctions \u00bb, indique un communiqu\u00e9 de la pr\u00e9sidence de la R\u00e9publique. Le\u00a0 nouveau PDG\u00a0 occupait le poste de directeur de la production du m\u00eame groupe.Le Pr\u00e9sident Directeur g\u00e9n\u00e9ral de Sonatrach, Abdelmoumen Ould Kaddour, a \u00e9t\u00e9 limog\u00e9, hier, mardi 23 avril, a annonc\u00e9 la t\u00e9l\u00e9vision publique ENTV. Le chef de l&rsquo;Etat Abdelkader Bensalah a nomm\u00e9, mardi, Rachid Hachichi au poste de PDG de Sonatrach en remplacement de Abdelmoum\u00e8ne Ould Kaddour, rapporte la t\u00e9l\u00e9vision d&rsquo;Etat : \u00ab Le chef de l&rsquo;Etat a nomm\u00e9 dans la m\u00eame journ\u00e9e du mardi, M. Rachid Hachichi, \u00e0 la fonction de Pr\u00e9sident Directeur G\u00e9n\u00e9ral du groupe SONATRACH en remplacement de Ould Kaddour dont il a \u00e9t\u00e9 mis fin \u00e0 ses fonctions \u00bb, indique un communiqu\u00e9 de la pr\u00e9sidence de la R\u00e9publique. Le\u00a0 nouveau PDG\u00a0 occupait le poste de directeur de la production du m\u00eame groupe.<\/div>\n<\/div>\n<p>Auteur: R\u00e9flexion<br \/>\n<a href=\"https:\/\/www.reflexiondz.net\/PRESIDENCE-DE-LA-REPUBLIQUE-Le-PDG-de-SonatrachOuld-Kaddour-limoge_a55542.html\">Cliquez ici pour lire l&rsquo;article depuis sa source.<\/a><\/p>\n","protected":false},"excerpt":{"rendered":"<p>Le Pr\u00e9sident Directeur g\u00e9n\u00e9ral de Sonatrach, Abdelmoumen Ould Kaddour, a \u00e9t\u00e9 limog\u00e9, hier, mardi 23 avril, a annonc\u00e9 la t\u00e9l\u00e9vision publique ENTV. Le chef de l&rsquo;Etat Abdelkader Bensalah a nomm\u00e9, mardi, Rachid Hachichi au poste de PDG de Sonatrach en remplacement de Abdelmoum\u00e8ne Ould Kaddour, rapporte la t\u00e9l\u00e9vision d&rsquo;Etat : \u00ab Le chef de l&rsquo;Etat [&hellip;]<\/p>\n","protected":false},"author":1740,"featured_media":0,"comment_status":"closed","ping_status":"closed","sticky":false,"template":"","format":"standard","meta":{"fifu_image_url":"","fifu_image_alt":"","footnotes":""},"categories":[53,76],"tags":[],"class_list":["post-29854","post","type-post","status-publish","format-standard","hentry","category-algerie","category-regions"],"_links":{"self":[{"href":"https:\/\/linitiative.ca\/International\/wp-json\/wp\/v2\/posts\/29854","targetHints":{"allow":["GET"]}}],"collection":[{"href":"https:\/\/linitiative.ca\/International\/wp-json\/wp\/v2\/posts"}],"about":[{"href":"https:\/\/linitiative.ca\/International\/wp-json\/wp\/v2\/types\/post"}],"author":[{"embeddable":true,"href":"https:\/\/linitiative.ca\/International\/wp-json\/wp\/v2\/users\/1740"}],"replies":[{"embeddable":true,"href":"https:\/\/linitiative.ca\/International\/wp-json\/wp\/v2\/comments?post=29854"}],"version-history":[{"count":0,"href":"https:\/\/linitiative.ca\/International\/wp-json\/wp\/v2\/posts\/29854\/revisions"}],"wp:attachment":[{"href":"https:\/\/linitiative.ca\/International\/wp-json\/wp\/v2\/media?parent=29854"}],"wp:term":[{"taxonomy":"category","embeddable":true,"href":"https:\/\/linitiative.ca\/International\/wp-json\/wp\/v2\/categories?post=29854"},{"taxonomy":"post_tag","embeddable":true,"href":"https:\/\/linitiative.ca\/International\/wp-json\/wp\/v2\/tags?post=29854"}],"curies":[{"name":"wp","href":"https:\/\/api.w.org\/{rel}","templated":true}]}}