{"id":29860,"date":"2019-04-23T19:00:00","date_gmt":"2019-04-23T23:00:00","guid":{"rendered":"https:\/\/linitiative.ca\/International\/preparatifs-de-la-25e-operation-de-relogement-les-habitants-de-la-casbah-prioritaires\/"},"modified":"2019-04-23T19:00:00","modified_gmt":"2019-04-23T23:00:00","slug":"preparatifs-de-la-25e-operation-de-relogement-les-habitants-de-la-casbah-prioritaires","status":"publish","type":"post","link":"https:\/\/linitiative.ca\/International\/preparatifs-de-la-25e-operation-de-relogement-les-habitants-de-la-casbah-prioritaires\/","title":{"rendered":"Pr\u00e9paratifs de la 25e op\u00e9ration de relogement : Les habitants de la Casbah prioritaires"},"content":{"rendered":"<p><strong>\u00abLes services de la wilaya d\u2019Alger ont annonc\u00e9\u00a0 la pr\u00e9paration de la 25e op\u00e9ration de relogement en faveur des habitants de La Casbah, dont les dossiers sont en cours d\u2019examen\u00bb, peut-on lire dans un communiqu\u00e9, rendu public cette semaine, par les services de la wilaya d\u2019Alger.<\/strong><\/p>\n<p>Le communiqu\u00e9 de la wilaya intervient suite \u00e0 l\u2019effondrement dans la matin\u00e9e de lundi,\u00a0 d\u2019un immeuble de 4 \u00e9tages, sis rue Tamglit \u00e0 la Basse\u00a0 Casbah, ayant fait 5 morts (deux hommes de 50 et 36 ans, une femme de 26 ans et deux enfants de 7 ans et 3 mois), selon les services de la\u00a0\u00a0 protection civile.<br \/>La m\u00eame source a soulign\u00e9 que cette pr\u00e9paration se d\u00e9roule parall\u00e8lement \u00e0 l\u2019ach\u00e8vement de la r\u00e9alisation des projets de logement dans la capitale. Il faut dire que les op\u00e9rations de relogement \u00e0 la commune de la Casbah sont pass\u00e9es par plusieurs \u00e9tapes dans le cadre des grandes op\u00e9rations entam\u00e9es par la wilaya d\u2019Alger depuis 2014. Ainsi,\u00a0 614 familles au total habitant la\u00a0 Casbah ont en b\u00e9n\u00e9fici\u00e9. \u00abIl s\u2019agit notamment du relogement de 392 familles en 2014 et de 222 autres en 2018\u00bb, pr\u00e9cise le m\u00eame document.<br \/>Notons que depuis le mois de juin 2014 \u00e0 ce jour, et gr\u00e2ce aux op\u00e9rations de relogement, comprenant notamment, les dispositifs de l\u2019AADL, du social, et de la formule du logement promotionnel, la wilaya d\u2019Alger a pu loger plus de 90.000 familles et r\u00e9cup\u00e9rer une assiette fonci\u00e8re de plus de 530 hectares.<br \/>Pour \u00e9viter l\u2019apparition de nouveaux bidonvilles, il est\u00a0 depuis, proc\u00e9d\u00e9 \u00e0 la d\u00e9molition syst\u00e9matique de toute construction ill\u00e9gale, et\u00a0 les 530 hectares d\u2019assiettes fonci\u00e8res d\u00e9j\u00e0 r\u00e9cup\u00e9r\u00e9s, ont \u00e9t\u00e9 affect\u00e9s \u00e0 la r\u00e9alisation de quotas suppl\u00e9mentaires de logements, \u00e0 la cr\u00e9ation d\u2019espaces verts et \u00e0 la promotion de diff\u00e9rents projets de d\u00e9veloppement au profit de la collectivit\u00e9. La restauration du vieux b\u00e2ti est le cheval de bataille des services de la wilaya d\u2019Alger. A ce propos, une importante enveloppe estim\u00e9e \u00e0 55 milliards de DA a \u00e9t\u00e9 allou\u00e9e \u00e0 la r\u00e9fection et \u00e0 la restauration des immeubles, et ce, dans le cadre du plan strat\u00e9gique d\u2019am\u00e9nagement et d\u2019urbanisation de la capitale. D\u2019ailleurs, 520 entrepreneurs et plus de 102 bureaux d\u2019\u00e9tudes ainsi que quelque 900 cadres sup\u00e9rieurs dont beaucoup d\u2019ing\u00e9nieurs ont \u00e9t\u00e9 mobilis\u00e9s pour mener \u00e0 bien cette op\u00e9ration.<br \/>Aussi, la wilaya d\u2019Alger s\u2019est attel\u00e9e, au titre de ses projets pour l\u2019ann\u00e9e 2018, \u00e0 la r\u00e9novation et \u00e0 la r\u00e9habilitation de 1.579 immeubles anciens, soit l\u2019\u00e9quivalent de 22.034 unit\u00e9s de logement.<br \/>L\u2019op\u00e9ration de r\u00e9novation et de r\u00e9habilitation avait \u00e9t\u00e9 lanc\u00e9e au milieu de l\u2019ann\u00e9e 2014. Jusqu\u2019\u00e0 la fin de 2017, le nombre d\u2019immeubles r\u00e9nov\u00e9s avait\u00a0 atteint les 1.692, soit 34.523 logements en tout. Ainsi, le nombre d immeubles qui ont \u00e9t\u00e9 r\u00e9nov\u00e9s, avec les projets \u00e0 r\u00e9aliser au cours de l\u2019ann\u00e9e 2019, s\u2019\u00e9l\u00e8vera \u00e0 3.289 b\u00e2tisses. Quant au nombre global des immeubles et habitations n\u00e9cessitant des travaux de r\u00e9novation dans la capitale, celui-ci est estim\u00e9 \u00e0 14.767 b\u00e2tisses, soit quelque 583.184 habitations pr\u00e9cis\u00e9ment.<br \/>Par ailleurs, et sur le volet\u00a0 \u00ab\u00a0 r\u00e9habilitation de la Casbah d\u2019Alger\u00a0\u00bb, class\u00e9e patrimoine mondial et mise sous la tutelle de la Wilaya d\u2019Alger,\u00a0 les travaux\u00a0 de r\u00e9novation \u00ab\u00a0enregistrent un avancement notable\u00a0\u00bb. La pr\u00e9servation et la protection de ce site \u00abhistorique\u00bb, \u00abculturel\u00bb et \u00abcivilisationnel\u00bb qui a une symbolique \u00abparticuli\u00e8re\u00bb pour les Alg\u00e9riens figure parmi les pr\u00e9occupations \u00abmajeures\u00bb des pouvoirs publics qui s\u2019attellent, \u00e0 lui redonner son \u00ablustre d\u2019antan\u00bb.<br \/>En somme, une enveloppe de 24 milliards de dinars a \u00e9t\u00e9 d\u00e9gag\u00e9e pour la restauration de la vieille m\u00e9dina d\u2019Alger. Cependant cette restauration constitue un d\u00e9fi majeur pour les pouvoirs publics eu \u00e9gard aux probl\u00e9matiques juridiques, administratives et financi\u00e8res. A noter que le procureur de la R\u00e9publique pr\u00e8s le tribunal de Bab El Oued a annonc\u00e9 l\u2019ouverture d\u2019une enqu\u00eate suite \u00e0\u00a0\u00a0 l\u2019effondrement d\u2019un immeuble \u00e0 Alger.<br \/><strong>Sarah A. Benali Cherif<\/strong><\/p>\n<p>&#8212;&#8212;&#8212;&#8212;&#8212;&#8212;&#8212;&#8212;&#8212;&#8212;&#8212;<\/p>\n<p><strong>Col\u00e8re<\/strong><\/p>\n<p>Au lendemain du drame qui a secou\u00e9 la basse Casbah o\u00f9 l\u2019effondrement d\u2019un immeuble a caus\u00e9 5 morts, plusieurs dizaines de jeunes habitants de ce quartier, class\u00e9 patrimoine mondial, ont march\u00e9, hier,\u00a0 jusqu\u2019au si\u00e8ge de la wilaya d\u2019Alger pour improviser un sit-in sous l\u2019\u0153il vigilant des forces de l\u2019ordre.<br \/>En col\u00e8re et scandant des slogans hostiles au pouvoir, apr\u00e8s avoir inhum\u00e9 les victimes, les manifestants ont tenu \u00e0 d\u00e9noncer l\u2019\u00e9tat de d\u00e9labrement de la vieille ville et exig\u00e9 \u00e0 ce que le d\u00e9sormais ex-wali d\u2019Alger, Abdelkader Zoukh, doit rendre des comptes. La veille d\u00e9j\u00e0, dans la soir\u00e9e, de nombreux r\u00e9sidents de la Casbah ont investi la rue et emprunt\u00e9 le m\u00eame itin\u00e9raire pour crier leur ras-le-bol devant la situation dans laquelle se retrouve aujourd\u2019hui \u00abEl Mahroussa\u00bb.<br \/>S. A. M.\u00a0<\/p>\n<p>Auteur: elmoudjahid<br \/>\n<a href=\"http:\/\/www.elmoudjahid.com\/fr\/actualites\/136165\">Cliquez ici pour lire l&rsquo;article depuis sa source.<\/a><\/p>\n","protected":false},"excerpt":{"rendered":"<p>\u00abLes services de la wilaya d\u2019Alger ont annonc\u00e9\u00a0 la pr\u00e9paration de la 25e op\u00e9ration de relogement en faveur des habitants de La Casbah, dont les dossiers sont en cours d\u2019examen\u00bb, peut-on lire dans un communiqu\u00e9, rendu public cette semaine, par les services de la wilaya d\u2019Alger. Le communiqu\u00e9 de la wilaya intervient suite \u00e0 l\u2019effondrement [&hellip;]<\/p>\n","protected":false},"author":1744,"featured_media":0,"comment_status":"closed","ping_status":"closed","sticky":false,"template":"","format":"standard","meta":{"fifu_image_url":"","fifu_image_alt":"","footnotes":""},"categories":[73,53],"tags":[],"class_list":["post-29860","post","type-post","status-publish","format-standard","hentry","category-actualite","category-algerie"],"_links":{"self":[{"href":"https:\/\/linitiative.ca\/International\/wp-json\/wp\/v2\/posts\/29860","targetHints":{"allow":["GET"]}}],"collection":[{"href":"https:\/\/linitiative.ca\/International\/wp-json\/wp\/v2\/posts"}],"about":[{"href":"https:\/\/linitiative.ca\/International\/wp-json\/wp\/v2\/types\/post"}],"author":[{"embeddable":true,"href":"https:\/\/linitiative.ca\/International\/wp-json\/wp\/v2\/users\/1744"}],"replies":[{"embeddable":true,"href":"https:\/\/linitiative.ca\/International\/wp-json\/wp\/v2\/comments?post=29860"}],"version-history":[{"count":0,"href":"https:\/\/linitiative.ca\/International\/wp-json\/wp\/v2\/posts\/29860\/revisions"}],"wp:attachment":[{"href":"https:\/\/linitiative.ca\/International\/wp-json\/wp\/v2\/media?parent=29860"}],"wp:term":[{"taxonomy":"category","embeddable":true,"href":"https:\/\/linitiative.ca\/International\/wp-json\/wp\/v2\/categories?post=29860"},{"taxonomy":"post_tag","embeddable":true,"href":"https:\/\/linitiative.ca\/International\/wp-json\/wp\/v2\/tags?post=29860"}],"curies":[{"name":"wp","href":"https:\/\/api.w.org\/{rel}","templated":true}]}}