{"id":29871,"date":"2019-04-24T06:00:00","date_gmt":"2019-04-24T10:00:00","guid":{"rendered":"https:\/\/linitiative.ca\/International\/avocats-et-etudiants-ont-battu-le-pave\/"},"modified":"2019-04-24T06:00:00","modified_gmt":"2019-04-24T10:00:00","slug":"avocats-et-etudiants-ont-battu-le-pave","status":"publish","type":"post","link":"https:\/\/linitiative.ca\/International\/avocats-et-etudiants-ont-battu-le-pave\/","title":{"rendered":"Avocats et \u00e9tudiants ont battu le pav\u00e9"},"content":{"rendered":"<div id=\"originalText\" readability=\"67\">\n<p>Hier matin les robes noires d\u2019Oran ont organis\u00e9 une marche qui les a men\u00e9es du palais de justice, dans le quartier de l\u2019Usto, au tribunal correctionnel de la Cit\u00e9 Djamel, quelques centaines de m\u00e8tres plus loin. Ils \u00e9taient quelque 500 avocats, selon les estimations du b\u00e2tonnat, \u00e0 battre le pav\u00e9 pour exprimer leur rejet du pouvoir en place, pour exiger le d\u00e9part des Bensalah et Bedoui, et r\u00e9clamer l\u2019instauration d\u2019un \u00c9tat de droit qui r\u00e9habiliterait le m\u00e9tier d\u2019avocat. Portant\u00a0 le drapeau national et des banderoles et affiches appelant notamment \u00e0 l\u2019ind\u00e9pendance de la justice et \u00e0 l\u2019instauration d\u2019un \u00c9tat de droit, ces derniers, encadr\u00e9s par un dispositif de police, ont scand\u00e9 les slogans habituels r\u00e9clamant le d\u00e9part du syst\u00e8me.\u00a0<\/p>\n<p>Au tribunal de la Cit\u00e9 Djamel, les manifestants ont observ\u00e9 un sit-in pendant lequel ils ont appel\u00e9 les magistrats \u00e0 se joindre \u00e0 leur mouvement. Plus loin, une avocate a exprim\u00e9 son inqui\u00e9tude de la multiplication des interpellations des hommes d\u2019affaires ces derniers jours. \u201cJe suis inqui\u00e8te parce que la justice a \u00e9t\u00e9 actionn\u00e9e par le g\u00e9n\u00e9ral-major Ga\u00efd Salah. Ce n\u2019est pas le r\u00f4le du militaire d\u2019intervenir dans la vie publique et ce n\u2019est pas dans l\u2019int\u00e9r\u00eat de la justice et de la d\u00e9mocratie que des juges acceptent cette immixtion\u201d, a-t-elle estim\u00e9.Peu apr\u00e8s, ce sont les \u00e9tudiants d\u2019Oran qui, eux aussi, ont particip\u00e9 par centaines \u00e0 leur marche partant de l\u2019universit\u00e9 Med-Boudiaf ex-Usto, pour se diriger ensuite vers la wilaya. Ils ont r\u00e9it\u00e9r\u00e9 leurs revendications, durant la marche : \u201cNous ne voulons pas de ce r\u00e9gime, ils doivent tous partir et nous voulons, nous et le peuple,\u00a0 d\u00e9signer ceux qui conduiront une transition.\u201d D\u2019autres feront r\u00e9f\u00e9rence aux \u00e9lections programm\u00e9es du 4 juillet et qu\u2019ils rejettent totalement. Ils tiennent surtout \u00e0 montrer qu\u2019en plus d\u2019une gr\u00e8ve qui perdure depuis des semaines paralysant les universit\u00e9s d\u2019Oran, les \u00e9tudiants entendent rester \u00e0 la pointe de la mobilisation.<br \/>En plus des pancartes sur lesquelles on pouvait lire maints messages hostiles au r\u00e9gime, les \u00e9tudiants ont choisi le tribunal de la Cit\u00e9 Djamel pour faire une halte, haranguant les magistrats en criant : \u201cMagistrats, on n\u2019est pas bien ! magistrats n\u2019ayez pas peur des pressions\u201d. \u00c0 noter que, comme chaque mardi, des enseignants ont accompagn\u00e9 et soutenu leurs \u00e9tudiants en participant \u00e0 la marche d\u2019hier.<br \/>\u00a0<\/p>\n<p class=\"c10\"><strong>Samir. O. A\/D. LOUKIL<\/strong><\/p>\n<\/div>\n<div id=\"text_core\" readability=\"67\">\n<p>Hier matin les robes noires d\u2019Oran ont organis\u00e9 une marche qui les a men\u00e9es du palais de justice, dans le quartier de l\u2019Usto, au tribunal correctionnel de la Cit\u00e9 Djamel, quelques centaines de m\u00e8tres plus loin. Ils \u00e9taient quelque 500 avocats, selon les estimations du b\u00e2tonnat, \u00e0 battre le pav\u00e9 pour exprimer leur rejet du pouvoir en place, pour exiger le d\u00e9part des Bensalah et Bedoui, et r\u00e9clamer l\u2019instauration d\u2019un \u00c9tat de droit qui r\u00e9habiliterait le m\u00e9tier d\u2019avocat. Portant\u00a0 le drapeau national et des banderoles et affiches appelant notamment \u00e0 l\u2019ind\u00e9pendance de la justice et \u00e0 l\u2019instauration d\u2019un \u00c9tat de droit, ces derniers, encadr\u00e9s par un dispositif de police, ont scand\u00e9 les slogans habituels r\u00e9clamant le d\u00e9part du syst\u00e8me.\u00a0<\/p>\n<p>Au tribunal de la Cit\u00e9 Djamel, les manifestants ont observ\u00e9 un sit-in pendant lequel ils ont appel\u00e9 les magistrats \u00e0 se joindre \u00e0 leur mouvement. Plus loin, une avocate a exprim\u00e9 son inqui\u00e9tude de la multiplication des interpellations des hommes d\u2019affaires ces derniers jours. \u201cJe suis inqui\u00e8te parce que la justice a \u00e9t\u00e9 actionn\u00e9e par le g\u00e9n\u00e9ral-major Ga\u00efd Salah. Ce n\u2019est pas le r\u00f4le du militaire d\u2019intervenir dans la vie publique et ce n\u2019est pas dans l\u2019int\u00e9r\u00eat de la justice et de la d\u00e9mocratie que des juges acceptent cette immixtion\u201d, a-t-elle estim\u00e9.Peu apr\u00e8s, ce sont les \u00e9tudiants d\u2019Oran qui, eux aussi, ont particip\u00e9 par centaines \u00e0 leur marche partant de l\u2019universit\u00e9 Med-Boudiaf ex-Usto, pour se diriger ensuite vers la wilaya. Ils ont r\u00e9it\u00e9r\u00e9 leurs revendications, durant la marche : \u201cNous ne voulons pas de ce r\u00e9gime, ils doivent tous partir et nous voulons, nous et le peuple,\u00a0 d\u00e9signer ceux qui conduiront une transition.\u201d D\u2019autres feront r\u00e9f\u00e9rence aux \u00e9lections programm\u00e9es du 4 juillet et qu\u2019ils rejettent totalement. Ils tiennent surtout \u00e0 montrer qu\u2019en plus d\u2019une gr\u00e8ve qui perdure depuis des semaines paralysant les universit\u00e9s d\u2019Oran, les \u00e9tudiants entendent rester \u00e0 la pointe de la mobilisation.<br \/>En plus des pancartes sur lesquelles on pouvait lire maints messages hostiles au r\u00e9gime, les \u00e9tudiants ont choisi le tribunal de la Cit\u00e9 Djamel pour faire une halte, haranguant les magistrats en criant : \u201cMagistrats, on n\u2019est pas bien ! magistrats n\u2019ayez pas peur des pressions\u201d. \u00c0 noter que, comme chaque mardi, des enseignants ont accompagn\u00e9 et soutenu leurs \u00e9tudiants en participant \u00e0 la marche d\u2019hier.<br \/>\u00a0<\/p>\n<p class=\"c10\"><strong>Samir. O. A\/D. LOUKIL<\/strong><\/p>\n<\/div>\n<p>Auteur:<br \/>\n<a href=\"https:\/\/www.liberte-algerie.com\/actualite\/avocats-et-etudiants-ont-battu-le-pave-314513\">Cliquez ici pour lire l&rsquo;article depuis sa source.<\/a><\/p>\n","protected":false},"excerpt":{"rendered":"<p>Hier matin les robes noires d\u2019Oran ont organis\u00e9 une marche qui les a men\u00e9es du palais de justice, dans le quartier de l\u2019Usto, au tribunal correctionnel de la Cit\u00e9 Djamel, quelques centaines de m\u00e8tres plus loin. Ils \u00e9taient quelque 500 avocats, selon les estimations du b\u00e2tonnat, \u00e0 battre le pav\u00e9 pour exprimer leur rejet du [&hellip;]<\/p>\n","protected":false},"author":1742,"featured_media":0,"comment_status":"closed","ping_status":"closed","sticky":false,"template":"","format":"standard","meta":{"fifu_image_url":"","fifu_image_alt":"","footnotes":""},"categories":[73,53],"tags":[],"class_list":["post-29871","post","type-post","status-publish","format-standard","hentry","category-actualite","category-algerie"],"_links":{"self":[{"href":"https:\/\/linitiative.ca\/International\/wp-json\/wp\/v2\/posts\/29871","targetHints":{"allow":["GET"]}}],"collection":[{"href":"https:\/\/linitiative.ca\/International\/wp-json\/wp\/v2\/posts"}],"about":[{"href":"https:\/\/linitiative.ca\/International\/wp-json\/wp\/v2\/types\/post"}],"author":[{"embeddable":true,"href":"https:\/\/linitiative.ca\/International\/wp-json\/wp\/v2\/users\/1742"}],"replies":[{"embeddable":true,"href":"https:\/\/linitiative.ca\/International\/wp-json\/wp\/v2\/comments?post=29871"}],"version-history":[{"count":0,"href":"https:\/\/linitiative.ca\/International\/wp-json\/wp\/v2\/posts\/29871\/revisions"}],"wp:attachment":[{"href":"https:\/\/linitiative.ca\/International\/wp-json\/wp\/v2\/media?parent=29871"}],"wp:term":[{"taxonomy":"category","embeddable":true,"href":"https:\/\/linitiative.ca\/International\/wp-json\/wp\/v2\/categories?post=29871"},{"taxonomy":"post_tag","embeddable":true,"href":"https:\/\/linitiative.ca\/International\/wp-json\/wp\/v2\/tags?post=29871"}],"curies":[{"name":"wp","href":"https:\/\/api.w.org\/{rel}","templated":true}]}}