{"id":29883,"date":"2019-04-23T19:00:00","date_gmt":"2019-04-23T23:00:00","guid":{"rendered":"https:\/\/linitiative.ca\/International\/securite-sociale-amelioration-du-service-public\/"},"modified":"2019-04-23T19:00:00","modified_gmt":"2019-04-23T23:00:00","slug":"securite-sociale-amelioration-du-service-public","status":"publish","type":"post","link":"https:\/\/linitiative.ca\/International\/securite-sociale-amelioration-du-service-public\/","title":{"rendered":"S\u00e9curit\u00e9 sociale : Am\u00e9lioration du service public"},"content":{"rendered":"<p><strong>Le ministre du Travail, de l&rsquo;Emploi et de la S\u00e9curit\u00e9 sociale, Tidjani Hassan Haddam, a indiqu\u00e9, hier \u00e0 Alger, que la t\u00e9l\u00e9-d\u00e9claration et le paiement \u00e9lectronique (e-paiement) des cotisations de la s\u00e9curit\u00e9 sociale, mis en place par le syst\u00e8me national de la s\u00e9curit\u00e9 sociale, visaient essentiellement la simplification\u00a0 des proc\u00e9dures et l&rsquo;am\u00e9lioration du service public.<\/strong><\/p>\n<p>Pr\u00e9sidant une c\u00e9r\u00e9monie de distinction des cadres du secteurs, prim\u00e9s au concours annuel du Sommet mondial (2019) sur la soci\u00e9t\u00e9 de l&rsquo;information, organis\u00e9 par l&rsquo;Union internationale des t\u00e9l\u00e9communications (ITU) \u00e0 Gen\u00e8ve (Suisse) du 8 au 12 avril en cours, le ministre a expliqu\u00e9 que les prestations de t\u00e9l\u00e9-d\u00e9claration et de paiement \u00e9lectronique (e-paiement) des cotisations de la s\u00e9curit\u00e9 sociale, \u00e0 travers l&rsquo;introduction et la g\u00e9n\u00e9ralisation de l&rsquo;utilisation des technologies de l&rsquo;information et de la communication (TIC), visait essentiellement la modernisation du secteur, la simplification des proc\u00e9dures administratives et l&rsquo;am\u00e9lioration du Service public offert aux citoyens, dont les employeurs et les affili\u00e9s aux caisses de la s\u00e9curit\u00e9 sociale\u00bb.<br \/>Affirmant que cette c\u00e9r\u00e9monie de distinction \u00abse veut une valorisation de la ressource humaine du secteur et une reconnaissance des efforts d\u00e9ploy\u00e9s dans l&rsquo;accomplissement de ses missions\u00bb, le ministre a soulign\u00e9 \u00abl&rsquo;importance d&rsquo;accompagner les jeunes cadres pour leur permettre de se distinguer et de leur donner l&rsquo;occasion pour montrer leur cr\u00e9ativit\u00e9 et formuler des propositions \u00e0 m\u00eame de d\u00e9velopper le secteur\u00bb.<br \/>Lors de ce concours international, l&rsquo;Alg\u00e9rie avait \u00e9t\u00e9 prim\u00e9e dans la cat\u00e9gorie \u00abR\u00f4le des Gouvernements et de tous les acteurs dans la promotion des TIC pour le d\u00e9veloppement\u00bb.<br \/>Son projet portant sur \u00able service de la t\u00e9l\u00e9-d\u00e9claration et du e-paiement pour les cotisations \u00e0 la s\u00e9curit\u00e9 sociale a \u00e9t\u00e9 r\u00e9compens\u00e9 parmi les 1.140 projets en comp\u00e9tition de plusieurs pays.<br \/>Par ailleurs, trois Alg\u00e9riens dont le Secr\u00e9taire g\u00e9n\u00e9ral du minist\u00e8re du Travail, de l\u2019Emploi et de la S\u00e9curit\u00e9 sociale, Mohamed Khiati, ont d\u00e9croch\u00e9 le Prix d\u00e9cern\u00e9 par l&rsquo;Organisation arabe du travail (OAT) aux pionniers en mati\u00e8re d&rsquo;action arabe en guise de reconnaissance aux efforts d\u00e9ploy\u00e9s par l&rsquo;Alg\u00e9rie en termes de questions li\u00e9es \u00e0 la promotion des domaines d&rsquo;action et sa contribution efficace dans les activit\u00e9s pertinentes au niveau arabe et africain.<\/p>\n<p>Auteur: elmoudjahid<br \/>\n<a href=\"http:\/\/www.elmoudjahid.com\/fr\/actualites\/136167\">Cliquez ici pour lire l&rsquo;article depuis sa source.<\/a><\/p>\n","protected":false},"excerpt":{"rendered":"<p>Le ministre du Travail, de l&rsquo;Emploi et de la S\u00e9curit\u00e9 sociale, Tidjani Hassan Haddam, a indiqu\u00e9, hier \u00e0 Alger, que la t\u00e9l\u00e9-d\u00e9claration et le paiement \u00e9lectronique (e-paiement) des cotisations de la s\u00e9curit\u00e9 sociale, mis en place par le syst\u00e8me national de la s\u00e9curit\u00e9 sociale, visaient essentiellement la simplification\u00a0 des proc\u00e9dures et l&rsquo;am\u00e9lioration du service public. [&hellip;]<\/p>\n","protected":false},"author":1744,"featured_media":0,"comment_status":"closed","ping_status":"closed","sticky":false,"template":"","format":"standard","meta":{"fifu_image_url":"","fifu_image_alt":"","footnotes":""},"categories":[73,53],"tags":[],"class_list":["post-29883","post","type-post","status-publish","format-standard","hentry","category-actualite","category-algerie"],"_links":{"self":[{"href":"https:\/\/linitiative.ca\/International\/wp-json\/wp\/v2\/posts\/29883","targetHints":{"allow":["GET"]}}],"collection":[{"href":"https:\/\/linitiative.ca\/International\/wp-json\/wp\/v2\/posts"}],"about":[{"href":"https:\/\/linitiative.ca\/International\/wp-json\/wp\/v2\/types\/post"}],"author":[{"embeddable":true,"href":"https:\/\/linitiative.ca\/International\/wp-json\/wp\/v2\/users\/1744"}],"replies":[{"embeddable":true,"href":"https:\/\/linitiative.ca\/International\/wp-json\/wp\/v2\/comments?post=29883"}],"version-history":[{"count":0,"href":"https:\/\/linitiative.ca\/International\/wp-json\/wp\/v2\/posts\/29883\/revisions"}],"wp:attachment":[{"href":"https:\/\/linitiative.ca\/International\/wp-json\/wp\/v2\/media?parent=29883"}],"wp:term":[{"taxonomy":"category","embeddable":true,"href":"https:\/\/linitiative.ca\/International\/wp-json\/wp\/v2\/categories?post=29883"},{"taxonomy":"post_tag","embeddable":true,"href":"https:\/\/linitiative.ca\/International\/wp-json\/wp\/v2\/tags?post=29883"}],"curies":[{"name":"wp","href":"https:\/\/api.w.org\/{rel}","templated":true}]}}