{"id":29890,"date":"2019-04-24T06:00:00","date_gmt":"2019-04-24T10:00:00","guid":{"rendered":"https:\/\/linitiative.ca\/International\/le-fce-saligne-sur-le-choix-de-larmee\/"},"modified":"2019-04-24T06:00:00","modified_gmt":"2019-04-24T10:00:00","slug":"le-fce-saligne-sur-le-choix-de-larmee","status":"publish","type":"post","link":"https:\/\/linitiative.ca\/International\/le-fce-saligne-sur-le-choix-de-larmee\/","title":{"rendered":"Le FCE s\u2019aligne sur le choix de l\u2019arm\u00e9e"},"content":{"rendered":"<div id=\"originalText\" readability=\"57\">\n<p class=\"c10\">Le Forum des chefs d\u2019entreprise (FCE) a exprim\u00e9, hier, son soutien \u00e0 l\u2019institution militaire pour conduire la transition. \u201cLes chefs d\u2019entreprise saluent la position de l\u2019institution militaire et lui expriment leur soutien pour garantir la stabilit\u00e9 et la r\u00e9ussite de la transition, en vue de sauvegarder la s\u00e9curit\u00e9 du pays et des citoyens dans cette \u00e9tape historique que vit l\u2019Alg\u00e9rie\u201d, souligne l\u2019organisation patronale dans un communiqu\u00e9. Le FCE lance un appel urgent \u201c\u00e0 toutes les forces nationales du pays afin de satisfaire rapidement les revendications populaires\u201d. Le syndicat des patrons avertit que \u201ctout prolongement de la crise politique pourrait avoir des cons\u00e9quences n\u00e9fastes sur la situation \u00e9conomique du pays\u201d. Le Forum des chefs d\u2019entreprise a exprim\u00e9 son engagement \u00e0 participer \u201cactivement\u201d dans le processus des r\u00e9formes \u00e9conomiques \u201cglobales\u201d qui accompagneront les r\u00e9formes politiques. Le syndicat des patrons insiste sur \u201cla n\u00e9cessit\u00e9 d\u2019adopter une approche globale en mati\u00e8re de r\u00e9formes \u00e9conomiques, que ce soit sur le plan l\u00e9gislatif ou institutionnel, pour lib\u00e9rer l\u2019investissement et l\u2019initiative \u00e9conomique \u00e0 tous les op\u00e9rateurs \u00e9conomiques nationaux \u00e0 travers l\u2019\u00e9largissement du tissu de PME et d\u2019entreprises de sous-traitance\u201d. L\u2019organisation patronale \u00e9voque, aussi, la n\u00e9cessit\u00e9 d\u2019accorder une \u201cplus grande place aux jeunes entrepreneurs pour participer \u00e0 ce changement historique\u201d. Car, estime le FCE, \u201cles jeunes sont le moteur de ce changement\u201d.<br \/>Le Forum des chefs d\u2019entreprise a exprim\u00e9 \u201cson soutien total aux revendications l\u00e9gitimes port\u00e9es par les citoyens pour un changement global, visant \u00e0 instaurer les principes d\u2019une d\u00e9mocratie r\u00e9elle, une gouvernance politique et \u00e9conomique et une transparence dans la gestion des affaires de l\u2019\u00c9tat\u201d. Pour l\u2019organisation patronale, \u201cla construction d\u2019un \u00c9tat de droit et des libert\u00e9s est l\u2019unique garant des droits pour tous pour la mise en place d\u2019institutions fortes au service du citoyen et du pays\u201d. Pour rappel, apr\u00e8s la d\u00e9mission d\u2019Ali Haddad, actuellement en prison, du poste de pr\u00e9sident du Forum des chefs d\u2019entreprise, le conseil ex\u00e9cutif a \u00e9lu, le 7 avril dernier, Moncef Othmani pr\u00e9sident par int\u00e9rim du syndicat des patrons, pour une p\u00e9riode de trois mois.Le pr\u00e9sident par int\u00e9rim a pour principale mission la pr\u00e9paration de l\u2019organisation de l\u2019assembl\u00e9e g\u00e9n\u00e9rale ordinaire pour \u00e9lire un nouveau pr\u00e9sident du FCE. \u201cLes membres du conseil ex\u00e9cutif ont exprim\u00e9 leur volont\u00e9 de pr\u00e9server le Forum en tant qu\u2019espace de dialogue et de concertation au profit des op\u00e9rateurs \u00e9conomiques et de force de proposition pour contribuer \u00e0 l\u2019essor de l\u2019\u00e9conomie nationale, loin de toute influence politique\u201d, avait indiqu\u00e9 l\u2019organisation patronale.<br \/>\u00a0<\/p>\n<p class=\"c11\"><strong>Meziane Rabhi<\/strong><\/p>\n<\/div>\n<div id=\"text_core\" readability=\"57\">\n<p class=\"c10\">Le Forum des chefs d\u2019entreprise (FCE) a exprim\u00e9, hier, son soutien \u00e0 l\u2019institution militaire pour conduire la transition. \u201cLes chefs d\u2019entreprise saluent la position de l\u2019institution militaire et lui expriment leur soutien pour garantir la stabilit\u00e9 et la r\u00e9ussite de la transition, en vue de sauvegarder la s\u00e9curit\u00e9 du pays et des citoyens dans cette \u00e9tape historique que vit l\u2019Alg\u00e9rie\u201d, souligne l\u2019organisation patronale dans un communiqu\u00e9. Le FCE lance un appel urgent \u201c\u00e0 toutes les forces nationales du pays afin de satisfaire rapidement les revendications populaires\u201d. Le syndicat des patrons avertit que \u201ctout prolongement de la crise politique pourrait avoir des cons\u00e9quences n\u00e9fastes sur la situation \u00e9conomique du pays\u201d. Le Forum des chefs d\u2019entreprise a exprim\u00e9 son engagement \u00e0 participer \u201cactivement\u201d dans le processus des r\u00e9formes \u00e9conomiques \u201cglobales\u201d qui accompagneront les r\u00e9formes politiques. Le syndicat des patrons insiste sur \u201cla n\u00e9cessit\u00e9 d\u2019adopter une approche globale en mati\u00e8re de r\u00e9formes \u00e9conomiques, que ce soit sur le plan l\u00e9gislatif ou institutionnel, pour lib\u00e9rer l\u2019investissement et l\u2019initiative \u00e9conomique \u00e0 tous les op\u00e9rateurs \u00e9conomiques nationaux \u00e0 travers l\u2019\u00e9largissement du tissu de PME et d\u2019entreprises de sous-traitance\u201d. L\u2019organisation patronale \u00e9voque, aussi, la n\u00e9cessit\u00e9 d\u2019accorder une \u201cplus grande place aux jeunes entrepreneurs pour participer \u00e0 ce changement historique\u201d. Car, estime le FCE, \u201cles jeunes sont le moteur de ce changement\u201d.<br \/>Le Forum des chefs d\u2019entreprise a exprim\u00e9 \u201cson soutien total aux revendications l\u00e9gitimes port\u00e9es par les citoyens pour un changement global, visant \u00e0 instaurer les principes d\u2019une d\u00e9mocratie r\u00e9elle, une gouvernance politique et \u00e9conomique et une transparence dans la gestion des affaires de l\u2019\u00c9tat\u201d. Pour l\u2019organisation patronale, \u201cla construction d\u2019un \u00c9tat de droit et des libert\u00e9s est l\u2019unique garant des droits pour tous pour la mise en place d\u2019institutions fortes au service du citoyen et du pays\u201d. Pour rappel, apr\u00e8s la d\u00e9mission d\u2019Ali Haddad, actuellement en prison, du poste de pr\u00e9sident du Forum des chefs d\u2019entreprise, le conseil ex\u00e9cutif a \u00e9lu, le 7 avril dernier, Moncef Othmani pr\u00e9sident par int\u00e9rim du syndicat des patrons, pour une p\u00e9riode de trois mois.Le pr\u00e9sident par int\u00e9rim a pour principale mission la pr\u00e9paration de l\u2019organisation de l\u2019assembl\u00e9e g\u00e9n\u00e9rale ordinaire pour \u00e9lire un nouveau pr\u00e9sident du FCE. \u201cLes membres du conseil ex\u00e9cutif ont exprim\u00e9 leur volont\u00e9 de pr\u00e9server le Forum en tant qu\u2019espace de dialogue et de concertation au profit des op\u00e9rateurs \u00e9conomiques et de force de proposition pour contribuer \u00e0 l\u2019essor de l\u2019\u00e9conomie nationale, loin de toute influence politique\u201d, avait indiqu\u00e9 l\u2019organisation patronale.<br \/>\u00a0<\/p>\n<p class=\"c11\"><strong>Meziane Rabhi<\/strong><\/p>\n<\/div>\n<p>Auteur:<br \/>\n<a href=\"https:\/\/www.liberte-algerie.com\/actualite\/le-fce-saligne-sur-le-choix-de-larmee-314511\">Cliquez ici pour lire l&rsquo;article depuis sa source.<\/a><\/p>\n","protected":false},"excerpt":{"rendered":"<p>Le Forum des chefs d\u2019entreprise (FCE) a exprim\u00e9, hier, son soutien \u00e0 l\u2019institution militaire pour conduire la transition. \u201cLes chefs d\u2019entreprise saluent la position de l\u2019institution militaire et lui expriment leur soutien pour garantir la stabilit\u00e9 et la r\u00e9ussite de la transition, en vue de sauvegarder la s\u00e9curit\u00e9 du pays et des citoyens dans cette [&hellip;]<\/p>\n","protected":false},"author":1742,"featured_media":0,"comment_status":"closed","ping_status":"closed","sticky":false,"template":"","format":"standard","meta":{"fifu_image_url":"","fifu_image_alt":"","footnotes":""},"categories":[73,53],"tags":[],"class_list":["post-29890","post","type-post","status-publish","format-standard","hentry","category-actualite","category-algerie"],"_links":{"self":[{"href":"https:\/\/linitiative.ca\/International\/wp-json\/wp\/v2\/posts\/29890","targetHints":{"allow":["GET"]}}],"collection":[{"href":"https:\/\/linitiative.ca\/International\/wp-json\/wp\/v2\/posts"}],"about":[{"href":"https:\/\/linitiative.ca\/International\/wp-json\/wp\/v2\/types\/post"}],"author":[{"embeddable":true,"href":"https:\/\/linitiative.ca\/International\/wp-json\/wp\/v2\/users\/1742"}],"replies":[{"embeddable":true,"href":"https:\/\/linitiative.ca\/International\/wp-json\/wp\/v2\/comments?post=29890"}],"version-history":[{"count":0,"href":"https:\/\/linitiative.ca\/International\/wp-json\/wp\/v2\/posts\/29890\/revisions"}],"wp:attachment":[{"href":"https:\/\/linitiative.ca\/International\/wp-json\/wp\/v2\/media?parent=29890"}],"wp:term":[{"taxonomy":"category","embeddable":true,"href":"https:\/\/linitiative.ca\/International\/wp-json\/wp\/v2\/categories?post=29890"},{"taxonomy":"post_tag","embeddable":true,"href":"https:\/\/linitiative.ca\/International\/wp-json\/wp\/v2\/tags?post=29890"}],"curies":[{"name":"wp","href":"https:\/\/api.w.org\/{rel}","templated":true}]}}