{"id":29894,"date":"2019-04-23T19:00:00","date_gmt":"2019-04-23T23:00:00","guid":{"rendered":"https:\/\/linitiative.ca\/International\/sanction-nc-magra-mc-saida-larbitre-assistant-doulache-suspendu-3-mois-lfp\/"},"modified":"2019-04-23T19:00:00","modified_gmt":"2019-04-23T23:00:00","slug":"sanction-nc-magra-mc-saida-larbitre-assistant-doulache-suspendu-3-mois-lfp","status":"publish","type":"post","link":"https:\/\/linitiative.ca\/International\/sanction-nc-magra-mc-saida-larbitre-assistant-doulache-suspendu-3-mois-lfp\/","title":{"rendered":"Sanction, NC Magra &#8211; MC Sa\u00efda  : L\u2019arbitre assistant Doulache  suspendu 3 mois (LFP)"},"content":{"rendered":"<p>L&rsquo;arbitre assistant Doulache Nassim est suspendu 3 mois \u00e0 partir du 22 avril 2019 pour \u00abagression envers un joueur du NC Magra\u00bb, lors du match contre le MC Saida disput\u00e9 le 15 avril dernier pour le compte de la 27e journ\u00e9e de Ligue-2 Mobilis, a indiqu\u00e9 la Ligue de football professionnel (LFP) lundi dernier. Apr\u00e8s l\u2019\u00e9galisation par l\u2019\u00e9quipe MC Sa\u00efda \u00e0 la 85\u2019, et suite \u00e0 une r\u00e9clamation par les joueurs de NC Magra d\u2019un corner, l\u2019arbitre assistant Doulache Nacim a ass\u00e9n\u00e9 un coup de t\u00eate au capitaine de l\u2019\u00e9quipe NC Magra Bibi Nabil, pr\u00e9cise la LFP sur son site officiel. La sanction a \u00e9t\u00e9 prise par la commission de discipline apr\u00e8s avoir auditionn\u00e9 l\u2019arbitre assistant et sur la base des images la vid\u00e9o de l\u2019agression. Doulache a reconnu les faits et a demand\u00e9 des excuses, selon la m\u00eame source.<br \/>Pour m\u00e9moire, la commission de discipline de la Ligue de football professionnel (LFP) avait d\u00e9cid\u00e9 le 15 avril match perdu \u00e0 l&rsquo;\u00e9quipe du NC Magra sans attribuer de point au club adverse, le MC Saida, suite aux incidents survenus lors de cette rencontre. La commission a \u00e9galement d\u00e9falqu\u00e9 trois points \u00e0 l&rsquo;\u00e9quipe du NC Magra en plus de quatre matchs \u00e0 huis clos dont les deux premiers se joueront \u00e0 l\u2019ext\u00e9rieur de Magra. En outre, le NC Magra devra s&rsquo;acquitter d&rsquo;une amende de 400.000 DA pour le NC Magra pour envahissement de terrain \u00e0 l&rsquo;issue de la rencontre entrainant des blessures graves aux officiels du matchs.<\/p>\n<p>Auteur: elmoudjahid<br \/>\n<a href=\"http:\/\/www.elmoudjahid.com\/fr\/actualites\/136170\">Cliquez ici pour lire l&rsquo;article depuis sa source.<\/a><\/p>\n","protected":false},"excerpt":{"rendered":"<p>L&rsquo;arbitre assistant Doulache Nassim est suspendu 3 mois \u00e0 partir du 22 avril 2019 pour \u00abagression envers un joueur du NC Magra\u00bb, lors du match contre le MC Saida disput\u00e9 le 15 avril dernier pour le compte de la 27e journ\u00e9e de Ligue-2 Mobilis, a indiqu\u00e9 la Ligue de football professionnel (LFP) lundi dernier. Apr\u00e8s [&hellip;]<\/p>\n","protected":false},"author":1744,"featured_media":0,"comment_status":"closed","ping_status":"closed","sticky":false,"template":"","format":"standard","meta":{"fifu_image_url":"","fifu_image_alt":"","footnotes":""},"categories":[73,53],"tags":[],"class_list":["post-29894","post","type-post","status-publish","format-standard","hentry","category-actualite","category-algerie"],"_links":{"self":[{"href":"https:\/\/linitiative.ca\/International\/wp-json\/wp\/v2\/posts\/29894","targetHints":{"allow":["GET"]}}],"collection":[{"href":"https:\/\/linitiative.ca\/International\/wp-json\/wp\/v2\/posts"}],"about":[{"href":"https:\/\/linitiative.ca\/International\/wp-json\/wp\/v2\/types\/post"}],"author":[{"embeddable":true,"href":"https:\/\/linitiative.ca\/International\/wp-json\/wp\/v2\/users\/1744"}],"replies":[{"embeddable":true,"href":"https:\/\/linitiative.ca\/International\/wp-json\/wp\/v2\/comments?post=29894"}],"version-history":[{"count":0,"href":"https:\/\/linitiative.ca\/International\/wp-json\/wp\/v2\/posts\/29894\/revisions"}],"wp:attachment":[{"href":"https:\/\/linitiative.ca\/International\/wp-json\/wp\/v2\/media?parent=29894"}],"wp:term":[{"taxonomy":"category","embeddable":true,"href":"https:\/\/linitiative.ca\/International\/wp-json\/wp\/v2\/categories?post=29894"},{"taxonomy":"post_tag","embeddable":true,"href":"https:\/\/linitiative.ca\/International\/wp-json\/wp\/v2\/tags?post=29894"}],"curies":[{"name":"wp","href":"https:\/\/api.w.org\/{rel}","templated":true}]}}