{"id":29903,"date":"2019-04-24T06:00:00","date_gmt":"2019-04-24T10:00:00","guid":{"rendered":"https:\/\/linitiative.ca\/International\/les-directeurs-de-laction-sociale-et-de-la-maison-de-la-culture-sous-controle-judiciaire\/"},"modified":"2019-04-24T06:00:00","modified_gmt":"2019-04-24T10:00:00","slug":"les-directeurs-de-laction-sociale-et-de-la-maison-de-la-culture-sous-controle-judiciaire","status":"publish","type":"post","link":"https:\/\/linitiative.ca\/International\/les-directeurs-de-laction-sociale-et-de-la-maison-de-la-culture-sous-controle-judiciaire\/","title":{"rendered":"Les directeurs de l\u2019action sociale et de la Maison de la culture sous contr\u00f4le judiciaire"},"content":{"rendered":"<div id=\"originalText\" readability=\"40\">\n<p class=\"c10\">Le juge d\u2019instruction pr\u00e8s la cour d\u2019El-Bayadh a plac\u00e9, hier, les directeurs de l\u2019action sociale et de la Maison de la culture, ainsi que neuf autres fonctionnaires sous contr\u00f4le judiciaire, a-t-on appris des services de la s\u00fbret\u00e9 de wilaya. Les poursuites judiciaires contre les suspects interviennent apr\u00e8s des enqu\u00eates men\u00e9es auparavant par les services de la s\u00fbret\u00e9 de wilaya au sujet de d\u00e9tournement et de dilapidation de deniers publics. Pr\u00e9sent\u00e9 au procureur de la R\u00e9publique pr\u00e8s la cour d\u2019El-Bayadh, ce dossier a \u00e9t\u00e9 transmis au juge d\u2019instruction qui a ordonn\u00e9 de placer le directeur de wilaya de l\u2019action sociale et cinq fonctionnaires de ce secteur sous contr\u00f4le judiciaire.Le juge d\u2019instruction a \u00e9galement prononc\u00e9 une d\u00e9cision de placement du directeur de la Maison de la culture d\u2019El-Bayadh et quatre autres\u00a0 fonctionnaires sous contr\u00f4le judiciaire.<\/p>\n<p class=\"c10\">\u00a0<\/p>\n<p class=\"c11\"><strong>APS<\/strong><\/p>\n<\/div>\n<div id=\"text_core\" readability=\"40\">\n<p class=\"c10\">Le juge d\u2019instruction pr\u00e8s la cour d\u2019El-Bayadh a plac\u00e9, hier, les directeurs de l\u2019action sociale et de la Maison de la culture, ainsi que neuf autres fonctionnaires sous contr\u00f4le judiciaire, a-t-on appris des services de la s\u00fbret\u00e9 de wilaya. Les poursuites judiciaires contre les suspects interviennent apr\u00e8s des enqu\u00eates men\u00e9es auparavant par les services de la s\u00fbret\u00e9 de wilaya au sujet de d\u00e9tournement et de dilapidation de deniers publics. Pr\u00e9sent\u00e9 au procureur de la R\u00e9publique pr\u00e8s la cour d\u2019El-Bayadh, ce dossier a \u00e9t\u00e9 transmis au juge d\u2019instruction qui a ordonn\u00e9 de placer le directeur de wilaya de l\u2019action sociale et cinq fonctionnaires de ce secteur sous contr\u00f4le judiciaire.Le juge d\u2019instruction a \u00e9galement prononc\u00e9 une d\u00e9cision de placement du directeur de la Maison de la culture d\u2019El-Bayadh et quatre autres\u00a0 fonctionnaires sous contr\u00f4le judiciaire.<\/p>\n<p class=\"c10\">\u00a0<\/p>\n<p class=\"c11\"><strong>APS<\/strong><\/p>\n<\/div>\n<p>Auteur:<br \/>\n<a href=\"https:\/\/www.liberte-algerie.com\/actualite\/les-directeurs-de-laction-sociale-et-de-la-maison-de-la-culture-sous-controle-judiciaire-314505\">Cliquez ici pour lire l&rsquo;article depuis sa source.<\/a><\/p>\n","protected":false},"excerpt":{"rendered":"<p>Le juge d\u2019instruction pr\u00e8s la cour d\u2019El-Bayadh a plac\u00e9, hier, les directeurs de l\u2019action sociale et de la Maison de la culture, ainsi que neuf autres fonctionnaires sous contr\u00f4le judiciaire, a-t-on appris des services de la s\u00fbret\u00e9 de wilaya. Les poursuites judiciaires contre les suspects interviennent apr\u00e8s des enqu\u00eates men\u00e9es auparavant par les services de [&hellip;]<\/p>\n","protected":false},"author":1742,"featured_media":0,"comment_status":"closed","ping_status":"closed","sticky":false,"template":"","format":"standard","meta":{"fifu_image_url":"","fifu_image_alt":"","footnotes":""},"categories":[73,53],"tags":[],"class_list":["post-29903","post","type-post","status-publish","format-standard","hentry","category-actualite","category-algerie"],"_links":{"self":[{"href":"https:\/\/linitiative.ca\/International\/wp-json\/wp\/v2\/posts\/29903","targetHints":{"allow":["GET"]}}],"collection":[{"href":"https:\/\/linitiative.ca\/International\/wp-json\/wp\/v2\/posts"}],"about":[{"href":"https:\/\/linitiative.ca\/International\/wp-json\/wp\/v2\/types\/post"}],"author":[{"embeddable":true,"href":"https:\/\/linitiative.ca\/International\/wp-json\/wp\/v2\/users\/1742"}],"replies":[{"embeddable":true,"href":"https:\/\/linitiative.ca\/International\/wp-json\/wp\/v2\/comments?post=29903"}],"version-history":[{"count":0,"href":"https:\/\/linitiative.ca\/International\/wp-json\/wp\/v2\/posts\/29903\/revisions"}],"wp:attachment":[{"href":"https:\/\/linitiative.ca\/International\/wp-json\/wp\/v2\/media?parent=29903"}],"wp:term":[{"taxonomy":"category","embeddable":true,"href":"https:\/\/linitiative.ca\/International\/wp-json\/wp\/v2\/categories?post=29903"},{"taxonomy":"post_tag","embeddable":true,"href":"https:\/\/linitiative.ca\/International\/wp-json\/wp\/v2\/tags?post=29903"}],"curies":[{"name":"wp","href":"https:\/\/api.w.org\/{rel}","templated":true}]}}