{"id":29907,"date":"2019-04-24T05:00:37","date_gmt":"2019-04-24T09:00:37","guid":{"rendered":"https:\/\/linitiative.ca\/International\/sidi-bel-abbes-des-avocats-sinquietent-de-letat-de-sante-dun-detenu-dopinion\/"},"modified":"2019-04-24T05:00:37","modified_gmt":"2019-04-24T09:00:37","slug":"sidi-bel-abbes-des-avocats-sinquietent-de-letat-de-sante-dun-detenu-dopinion","status":"publish","type":"post","link":"https:\/\/linitiative.ca\/International\/sidi-bel-abbes-des-avocats-sinquietent-de-letat-de-sante-dun-detenu-dopinion\/","title":{"rendered":"Sidi Bel Abb\u00e8s :\u00a0Des avocats s\u2019inqui\u00e8tent de l\u2019\u00e9tat de sant\u00e9 d\u2019un d\u00e9tenu d\u2019opinion"},"content":{"rendered":"<h4 class=\"title-14\"\/>\n<p class=\"p4\"><span class=\"s3\"><strong>A<\/strong><\/span><span class=\"s4\">bdellah Benaoum, blogueur et activiste politique, condamn\u00e9 en appel par la cour de justice de Relizane \u00e0 deux ann\u00e9es de prison ferme, purge le reste de sa peine au p\u00e9nitencier de Sidi Bel Abb\u00e8s.<\/span><\/p>\n<p class=\"p4\"><span class=\"s4\">M<sup>e<\/sup> Kerma Mohamed, avocat au barreau de Sidi Bel Abb\u00e8s, s\u2019est rendu, lundi, au p\u00e9nitencier, pour s\u2019enqu\u00e9rir de l\u2019\u00e9tat de sant\u00e9 du d\u00e9tenu, a-t-il d\u00e9clar\u00e9 dans une vid\u00e9o, post\u00e9e hier, sur les r\u00e9seaux sociaux.<\/span><\/p>\n<p class=\"p4\"><span class=\"s4\">Le 6 juin 2018, la cour d\u2019appel de Relizane a, selon la Ligue alg\u00e9rienne pour la d\u00e9fense des droits de l\u2019homme (LADDH), confirm\u00e9 la peine de deux ans de prison prononc\u00e9e pr\u00e9c\u00e9demment contre Abdellah Benaoum. Il a \u00e9t\u00e9 reconnu coupable, entre autres, d\u2019outrage au pr\u00e9sident de la R\u00e9publique et d\u2019atteinte \u00e0 sa vie priv\u00e9e, suite \u00e0 la publication de plusieurs messages sur Facebook.<\/span><\/p>\n<p class=\"p4\"><span class=\"s4\">Pour de nombreux d\u00e9fenseurs des droits de l\u2019homme, M. Benaoum est un d\u00e9tenu d\u2019opinion dont l\u2019\u00e9tat de sant\u00e9 s\u2019est r\u00e9cemment d\u00e9t\u00e9rior\u00e9 des suites des gr\u00e8ves de la faim qu\u2019il a men\u00e9es dans au moins deux \u00e9tablissements p\u00e9nitenciers o\u00f9 il a \u00e9t\u00e9 transf\u00e9r\u00e9.<\/span><\/p>\n<p class=\"p4\"><span class=\"s4\">Pour M<sup>e<\/sup> Kerma, un permis de communiquer d\u00e9livr\u00e9 par le procureur g\u00e9n\u00e9ral pr\u00e8s la cour de Sidi Bel Abb\u00e8s est n\u00e9cessaire pour rendre visite au d\u00e9tenu. <em>\u00abNous allons saisir le procureur g\u00e9n\u00e9ral pour pouvoir rendre visite \u00e0 M. Benaoum.<\/em><\/span><\/p>\n<p class=\"p4\"><span class=\"s4\"><em>Nous avons \u00e9t\u00e9 re\u00e7us par le directeur du p\u00e9nitencier qui a confirm\u00e9 que le d\u00e9tenu avait observ\u00e9 de mani\u00e8re cyclique des gr\u00e8ves de la faim\u00bb<\/em>, a pr\u00e9cis\u00e9 M<sup>e<\/sup> Kerma.<\/span><\/p>\n<p class=\"p4\"><span class=\"s4\">Plusieurs avocats du barreau de Sidi Bel Abb\u00e8s ont r\u00e9affirm\u00e9, la semaine pass\u00e9e, leur disponibilit\u00e9 \u00e0 assurer la d\u00e9fense des d\u00e9tenus d\u2019opinion et \u00e9ventuellement de toute personne arr\u00eat\u00e9e pour des revendications politiques ou sociales.<span class=\"Apple-converted-space\">\u00a0 \u00a0\u00a0<\/span><\/span><\/p>\n<div class=\"yuzo_related_post style-1\" data-version=\"5.12.88\">\n<p><h3>Related Post<\/h3>\n<\/p>\n<div class=\"yuzo_wraps\">\n<div class=\"relatedthumb relatedpost-544490 c11\"><a href=\"https:\/\/www.elwatan.com\/regions\/est\/actu-est\/peu-de-moyens-et-beaucoup-de-perseverance-13-01-2019\"\/><\/p>\n<p><span class=\"yuzo__text--title c10\">Peu de moyens et beaucoup de pers\u00e9v\u00e9rance<\/span><\/div>\n<div class=\"relatedthumb relatedpost-556761 c11\"><a href=\"https:\/\/www.elwatan.com\/edition\/economie\/automobile-le-marche-allemand-recule-encore-en-janvier-05-02-2019\"\/><\/p>\n<p><span class=\"yuzo__text--title c10\">Automobile :\u00a0Le march\u00e9 allemand recule encore en j&#8230;<\/span><\/div>\n<div class=\"relatedthumb relatedpost-561996 c11\"><a href=\"https:\/\/www.elwatan.com\/edition\/actualite\/bouteflika-toujours-hospitalise-2-05-03-2019\"\/><\/p>\n<p><span class=\"yuzo__text--title c10\">Bouteflika toujours hospitalis\u00e9<\/span><\/div>\n<div class=\"relatedthumb relatedpost-468262 c11\"><a href=\"https:\/\/www.elwatan.com\/edition\/sports\/ligues-1-et-2-cest-la-reprise-03-01-2019\"\/><\/p>\n<p><span class=\"yuzo__text--title c10\">Ligues 1 et 2 : C\u2019est la reprise !<\/span><\/div>\n<\/div>\n<\/div>\n<p><span class=\"post-views-label\">Post Views:<\/span> <span class=\"post-views-count\">1<\/span><\/p>\n<p>Auteur: Anis Khecheba<br \/>\n<a href=\"https:\/\/www.elwatan.com\/regions\/ouest\/bel-abes\/sidi-bel-abbes-des-avocats-sinquietent-de-letat-de-sante-dun-detenu-dopinion-24-04-2019\">Cliquez ici pour lire l&rsquo;article depuis sa source.<\/a><\/p>\n","protected":false},"excerpt":{"rendered":"<p>Abdellah Benaoum, blogueur et activiste politique, condamn\u00e9 en appel par la cour de justice de Relizane \u00e0 deux ann\u00e9es de prison ferme, purge le reste de sa peine au p\u00e9nitencier de Sidi Bel Abb\u00e8s. Me Kerma Mohamed, avocat au barreau de Sidi Bel Abb\u00e8s, s\u2019est rendu, lundi, au p\u00e9nitencier, pour s\u2019enqu\u00e9rir de l\u2019\u00e9tat de sant\u00e9 [&hellip;]<\/p>\n","protected":false},"author":1743,"featured_media":0,"comment_status":"closed","ping_status":"closed","sticky":false,"template":"","format":"standard","meta":{"fifu_image_url":"","fifu_image_alt":"","footnotes":""},"categories":[73,53],"tags":[],"class_list":["post-29907","post","type-post","status-publish","format-standard","hentry","category-actualite","category-algerie"],"_links":{"self":[{"href":"https:\/\/linitiative.ca\/International\/wp-json\/wp\/v2\/posts\/29907","targetHints":{"allow":["GET"]}}],"collection":[{"href":"https:\/\/linitiative.ca\/International\/wp-json\/wp\/v2\/posts"}],"about":[{"href":"https:\/\/linitiative.ca\/International\/wp-json\/wp\/v2\/types\/post"}],"author":[{"embeddable":true,"href":"https:\/\/linitiative.ca\/International\/wp-json\/wp\/v2\/users\/1743"}],"replies":[{"embeddable":true,"href":"https:\/\/linitiative.ca\/International\/wp-json\/wp\/v2\/comments?post=29907"}],"version-history":[{"count":0,"href":"https:\/\/linitiative.ca\/International\/wp-json\/wp\/v2\/posts\/29907\/revisions"}],"wp:attachment":[{"href":"https:\/\/linitiative.ca\/International\/wp-json\/wp\/v2\/media?parent=29907"}],"wp:term":[{"taxonomy":"category","embeddable":true,"href":"https:\/\/linitiative.ca\/International\/wp-json\/wp\/v2\/categories?post=29907"},{"taxonomy":"post_tag","embeddable":true,"href":"https:\/\/linitiative.ca\/International\/wp-json\/wp\/v2\/tags?post=29907"}],"curies":[{"name":"wp","href":"https:\/\/api.w.org\/{rel}","templated":true}]}}